{"id":690,"date":"2020-02-18T18:55:16","date_gmt":"2020-02-18T21:55:16","guid":{"rendered":"http:\/\/www.merionline.com.br\/noticias\/?p=690"},"modified":"2020-02-22T21:48:35","modified_gmt":"2020-02-23T00:48:35","slug":"supermercado-com-4-decadas-sera-reinaugurado-esta-semana-em-meridiano","status":"publish","type":"post","link":"https:\/\/www.merionline.com.br\/noticias\/supermercado-com-4-decadas-sera-reinaugurado-esta-semana-em-meridiano\/","title":{"rendered":"Supermercado com 4 d\u00e9cadas ser\u00e1 reinaugurado est\u00e1 semana em Meridiano"},"content":{"rendered":"<p>Nesta semana, mais precisamente no dia 20 (quinta feira), ser\u00e1 reinaugurado em novo local, o Supermercado Serve Bem, com uma \u00e1rea de 1.000m\u00b2 quadrados ser\u00e1 o maior Supermercado de Meridiano.<\/p>\n<p>O supermercado,\u00a0 emprega hoje 30 funcion\u00e1rios, est\u00e1 em Meridiano \u00e0 40 anos, e hoje \u00e9 considerado uma tradi\u00e7\u00e3o na cidade.<\/p>\n<p>O local contar\u00e1 com padaria, quitanda, a\u00e7ougue e um setor amplo de bebidas, e um local para artigos de presentes e muito mais!<\/p>\n<p><img loading=\"lazy\" decoding=\"async\" class=\"aligncenter size-large wp-image-701\" src=\"https:\/\/www.merionline.com.br\/noticias\/wp-content\/uploads\/2020\/02\/IMG_20200218_094340-1024x576.jpg\" alt=\"\" width=\"1024\" height=\"576\" srcset=\"https:\/\/www.merionline.com.br\/noticias\/wp-content\/uploads\/2020\/02\/IMG_20200218_094340-1024x576.jpg 1024w, https:\/\/www.merionline.com.br\/noticias\/wp-content\/uploads\/2020\/02\/IMG_20200218_094340-300x169.jpg 300w, https:\/\/www.merionline.com.br\/noticias\/wp-content\/uploads\/2020\/02\/IMG_20200218_094340-768x432.jpg 768w, https:\/\/www.merionline.com.br\/noticias\/wp-content\/uploads\/2020\/02\/IMG_20200218_094340-1536x864.jpg 1536w, https:\/\/www.merionline.com.br\/noticias\/wp-content\/uploads\/2020\/02\/IMG_20200218_094340-2048x1152.jpg 2048w\" sizes=\"(max-width: 1024px) 100vw, 1024px\" \/><\/p>\n<p><img loading=\"lazy\" decoding=\"async\" class=\"aligncenter size-large wp-image-703\" src=\"https:\/\/www.merionline.com.br\/noticias\/wp-content\/uploads\/2020\/02\/IMG_20200218_094936-1024x576.jpg\" alt=\"\" width=\"1024\" height=\"576\" srcset=\"https:\/\/www.merionline.com.br\/noticias\/wp-content\/uploads\/2020\/02\/IMG_20200218_094936-1024x576.jpg 1024w, https:\/\/www.merionline.com.br\/noticias\/wp-content\/uploads\/2020\/02\/IMG_20200218_094936-300x169.jpg 300w, https:\/\/www.merionline.com.br\/noticias\/wp-content\/uploads\/2020\/02\/IMG_20200218_094936-768x432.jpg 768w, https:\/\/www.merionline.com.br\/noticias\/wp-content\/uploads\/2020\/02\/IMG_20200218_094936-1536x864.jpg 1536w, https:\/\/www.merionline.com.br\/noticias\/wp-content\/uploads\/2020\/02\/IMG_20200218_094936-2048x1152.jpg 2048w\" sizes=\"(max-width: 1024px) 100vw, 1024px\" \/> <img loading=\"lazy\" decoding=\"async\" class=\"aligncenter size-large wp-image-704\" src=\"https:\/\/www.merionline.com.br\/noticias\/wp-content\/uploads\/2020\/02\/IMG_20200218_094930-1024x576.jpg\" alt=\"\" width=\"1024\" height=\"576\" srcset=\"https:\/\/www.merionline.com.br\/noticias\/wp-content\/uploads\/2020\/02\/IMG_20200218_094930-1024x576.jpg 1024w, https:\/\/www.merionline.com.br\/noticias\/wp-content\/uploads\/2020\/02\/IMG_20200218_094930-300x169.jpg 300w, https:\/\/www.merionline.com.br\/noticias\/wp-content\/uploads\/2020\/02\/IMG_20200218_094930-768x432.jpg 768w, https:\/\/www.merionline.com.br\/noticias\/wp-content\/uploads\/2020\/02\/IMG_20200218_094930-1536x864.jpg 1536w, https:\/\/www.merionline.com.br\/noticias\/wp-content\/uploads\/2020\/02\/IMG_20200218_094930-2048x1152.jpg 2048w\" sizes=\"(max-width: 1024px) 100vw, 1024px\" \/> <img loading=\"lazy\" decoding=\"async\" class=\"aligncenter size-large wp-image-705\" src=\"https:\/\/www.merionline.com.br\/noticias\/wp-content\/uploads\/2020\/02\/IMG_20200218_095529-1024x576.jpg\" alt=\"\" width=\"1024\" height=\"576\" srcset=\"https:\/\/www.merionline.com.br\/noticias\/wp-content\/uploads\/2020\/02\/IMG_20200218_095529-1024x576.jpg 1024w, https:\/\/www.merionline.com.br\/noticias\/wp-content\/uploads\/2020\/02\/IMG_20200218_095529-300x169.jpg 300w, https:\/\/www.merionline.com.br\/noticias\/wp-content\/uploads\/2020\/02\/IMG_20200218_095529-768x432.jpg 768w, https:\/\/www.merionline.com.br\/noticias\/wp-content\/uploads\/2020\/02\/IMG_20200218_095529-1536x864.jpg 1536w, https:\/\/www.merionline.com.br\/noticias\/wp-content\/uploads\/2020\/02\/IMG_20200218_095529-2048x1152.jpg 2048w\" sizes=\"(max-width: 1024px) 100vw, 1024px\" \/> <img loading=\"lazy\" decoding=\"async\" class=\"aligncenter size-large wp-image-706\" src=\"https:\/\/www.merionline.com.br\/noticias\/wp-content\/uploads\/2020\/02\/IMG_20200218_095538-1-1024x576.jpg\" alt=\"\" width=\"1024\" height=\"576\" srcset=\"https:\/\/www.merionline.com.br\/noticias\/wp-content\/uploads\/2020\/02\/IMG_20200218_095538-1-1024x576.jpg 1024w, https:\/\/www.merionline.com.br\/noticias\/wp-content\/uploads\/2020\/02\/IMG_20200218_095538-1-300x169.jpg 300w, https:\/\/www.merionline.com.br\/noticias\/wp-content\/uploads\/2020\/02\/IMG_20200218_095538-1-768x432.jpg 768w, https:\/\/www.merionline.com.br\/noticias\/wp-content\/uploads\/2020\/02\/IMG_20200218_095538-1-1536x864.jpg 1536w, https:\/\/www.merionline.com.br\/noticias\/wp-content\/uploads\/2020\/02\/IMG_20200218_095538-1-2048x1152.jpg 2048w\" sizes=\"(max-width: 1024px) 100vw, 1024px\" \/> <img loading=\"lazy\" decoding=\"async\" class=\"aligncenter size-large wp-image-707\" src=\"https:\/\/www.merionline.com.br\/noticias\/wp-content\/uploads\/2020\/02\/IMG_20200218_095111-1024x576.jpg\" alt=\"\" width=\"1024\" height=\"576\" srcset=\"https:\/\/www.merionline.com.br\/noticias\/wp-content\/uploads\/2020\/02\/IMG_20200218_095111-1024x576.jpg 1024w, https:\/\/www.merionline.com.br\/noticias\/wp-content\/uploads\/2020\/02\/IMG_20200218_095111-300x169.jpg 300w, https:\/\/www.merionline.com.br\/noticias\/wp-content\/uploads\/2020\/02\/IMG_20200218_095111-768x432.jpg 768w, https:\/\/www.merionline.com.br\/noticias\/wp-content\/uploads\/2020\/02\/IMG_20200218_095111-1536x864.jpg 1536w, https:\/\/www.merionline.com.br\/noticias\/wp-content\/uploads\/2020\/02\/IMG_20200218_095111-2048x1152.jpg 2048w\" sizes=\"(max-width: 1024px) 100vw, 1024px\" \/> <img loading=\"lazy\" decoding=\"async\" class=\"aligncenter size-large wp-image-708\" src=\"https:\/\/www.merionline.com.br\/noticias\/wp-content\/uploads\/2020\/02\/IMG_20200218_095447-1024x576.jpg\" alt=\"\" width=\"1024\" height=\"576\" srcset=\"https:\/\/www.merionline.com.br\/noticias\/wp-content\/uploads\/2020\/02\/IMG_20200218_095447-1024x576.jpg 1024w, https:\/\/www.merionline.com.br\/noticias\/wp-content\/uploads\/2020\/02\/IMG_20200218_095447-300x169.jpg 300w, https:\/\/www.merionline.com.br\/noticias\/wp-content\/uploads\/2020\/02\/IMG_20200218_095447-768x432.jpg 768w, https:\/\/www.merionline.com.br\/noticias\/wp-content\/uploads\/2020\/02\/IMG_20200218_095447-1536x864.jpg 1536w, https:\/\/www.merionline.com.br\/noticias\/wp-content\/uploads\/2020\/02\/IMG_20200218_095447-2048x1152.jpg 2048w\" sizes=\"(max-width: 1024px) 100vw, 1024px\" \/> <img loading=\"lazy\" decoding=\"async\" class=\"aligncenter size-large wp-image-709\" src=\"https:\/\/www.merionline.com.br\/noticias\/wp-content\/uploads\/2020\/02\/IMG_20200218_095011_1-1024x576.jpg\" alt=\"\" width=\"1024\" height=\"576\" srcset=\"https:\/\/www.merionline.com.br\/noticias\/wp-content\/uploads\/2020\/02\/IMG_20200218_095011_1-1024x576.jpg 1024w, https:\/\/www.merionline.com.br\/noticias\/wp-content\/uploads\/2020\/02\/IMG_20200218_095011_1-300x169.jpg 300w, https:\/\/www.merionline.com.br\/noticias\/wp-content\/uploads\/2020\/02\/IMG_20200218_095011_1-768x432.jpg 768w, https:\/\/www.merionline.com.br\/noticias\/wp-content\/uploads\/2020\/02\/IMG_20200218_095011_1-1536x864.jpg 1536w, https:\/\/www.merionline.com.br\/noticias\/wp-content\/uploads\/2020\/02\/IMG_20200218_095011_1-2048x1152.jpg 2048w\" sizes=\"(max-width: 1024px) 100vw, 1024px\" \/><\/p>\n<p><a href=\"https:\/\/www.merionline.com.br\/noticias\/supermercado-serve-bem-foi-inaugurado-hoje-20\/\" target=\"_blank\" rel=\"noopener noreferrer\">Veja tamb\u00e9m: Supermercado Serve Bem Foi Reinaugurado Hoje (20)<\/a><\/p>\n","protected":false},"excerpt":{"rendered":"<p>Nesta semana, mais precisamente no dia 20 (quinta feira), ser\u00e1 reinaugurado em novo local, o Supermercado Serve Bem, com uma \u00e1rea de 1.000m\u00b2 quadrados ser\u00e1 o maior Supermercado de Meridiano. O supermercado,\u00a0 emprega hoje 30 funcion\u00e1rios, est\u00e1 em Meridiano \u00e0 40 anos, e hoje \u00e9 considerado uma tradi\u00e7\u00e3o na cidade. O local contar\u00e1 com padaria, [&hellip;]<\/p>\n","protected":false},"author":1,"featured_media":701,"comment_status":"open","ping_status":"open","sticky":false,"template":"","format":"standard","meta":{"footnotes":""},"categories":[3,6],"tags":[],"_links":{"self":[{"href":"https:\/\/www.merionline.com.br\/noticias\/wp-json\/wp\/v2\/posts\/690"}],"collection":[{"href":"https:\/\/www.merionline.com.br\/noticias\/wp-json\/wp\/v2\/posts"}],"about":[{"href":"https:\/\/www.merionline.com.br\/noticias\/wp-json\/wp\/v2\/types\/post"}],"author":[{"embeddable":true,"href":"https:\/\/www.merionline.com.br\/noticias\/wp-json\/wp\/v2\/users\/1"}],"replies":[{"embeddable":true,"href":"https:\/\/www.merionline.com.br\/noticias\/wp-json\/wp\/v2\/comments?post=690"}],"version-history":[{"count":7,"href":"https:\/\/www.merionline.com.br\/noticias\/wp-json\/wp\/v2\/posts\/690\/revisions"}],"predecessor-version":[{"id":783,"href":"https:\/\/www.merionline.com.br\/noticias\/wp-json\/wp\/v2\/posts\/690\/revisions\/783"}],"wp:featuredmedia":[{"embeddable":true,"href":"https:\/\/www.merionline.com.br\/noticias\/wp-json\/wp\/v2\/media\/701"}],"wp:attachment":[{"href":"https:\/\/www.merionline.com.br\/noticias\/wp-json\/wp\/v2\/media?parent=690"}],"wp:term":[{"taxonomy":"category","embeddable":true,"href":"https:\/\/www.merionline.com.br\/noticias\/wp-json\/wp\/v2\/categories?post=690"},{"taxonomy":"post_tag","embeddable":true,"href":"https:\/\/www.merionline.com.br\/noticias\/wp-json\/wp\/v2\/tags?post=690"}],"curies":[{"name":"wp","href":"https:\/\/api.w.org\/{rel}","templated":true}]}}