{"id":70,"date":"2013-11-08T02:58:30","date_gmt":"2013-11-08T04:58:30","guid":{"rendered":"http:\/\/www.merionline.com.br\/noticias\/?p=70"},"modified":"2013-11-08T02:58:30","modified_gmt":"2013-11-08T04:58:30","slug":"meridiano-conquista-onibus-escolar-com-acessibilidade","status":"publish","type":"post","link":"https:\/\/www.merionline.com.br\/noticias\/meridiano-conquista-onibus-escolar-com-acessibilidade\/","title":{"rendered":"Meridiano conquista \u00f4nibus escolar com acessibilidade"},"content":{"rendered":"<p><i>Nova aquisi\u00e7\u00e3o foi comemorada pela atual gest\u00e3o da cidade<\/i><\/p>\n<p>Meridiano foi contemplado com um \u00f4nibus escolar, via governo federal. A entrega foi feita recentemente, e o ve\u00edculo foi exposto na pra\u00e7a central da cidade para toda a popula\u00e7\u00e3o apreciar a nova conquista da gest\u00e3o Aristeu Baldin.<\/p>\n<p>O ve\u00edculo tem f\u00e1cil acessibilidade, cinto adaptado\u00a0incluindo uma cadeira de rodas, \u00a0gerando mais seguran\u00e7a para o transporte de cadeirantes.<\/p>\n<p>O munic\u00edpio fez o pedido de inclus\u00e3o no Programa \u201cCaminho da Escola\u201d neste ano, justificando \u201cdar uma estrutura\u00e7\u00e3o adequada dos servi\u00e7os de transporte escolar, garantir o acesso e a perman\u00eancia dos alunos do ensino fundamental p\u00fablico que residem distantes da escola\u201d.<\/p>\n<p>De acordo com o referido programa, quilometragem percorrida com transporte escolar, n\u00famero de alunos transportados e tamanho do munic\u00edpio foram crit\u00e9rios analisados pelo Governo para a sele\u00e7\u00e3o dos munic\u00edpios beneficiados.<\/p>\n","protected":false},"excerpt":{"rendered":"<p>Nova aquisi\u00e7\u00e3o foi comemorada pela atual gest\u00e3o da cidade Meridiano foi contemplado com um \u00f4nibus escolar, via governo federal. A entrega foi feita recentemente, e o ve\u00edculo foi exposto na pra\u00e7a central da cidade para toda a popula\u00e7\u00e3o apreciar a nova conquista da gest\u00e3o Aristeu Baldin. O ve\u00edculo tem f\u00e1cil acessibilidade, cinto adaptado\u00a0incluindo uma cadeira [&hellip;]<\/p>\n","protected":false},"author":1,"featured_media":71,"comment_status":"open","ping_status":"open","sticky":false,"template":"","format":"standard","meta":{"footnotes":""},"categories":[6],"tags":[],"_links":{"self":[{"href":"https:\/\/www.merionline.com.br\/noticias\/wp-json\/wp\/v2\/posts\/70"}],"collection":[{"href":"https:\/\/www.merionline.com.br\/noticias\/wp-json\/wp\/v2\/posts"}],"about":[{"href":"https:\/\/www.merionline.com.br\/noticias\/wp-json\/wp\/v2\/types\/post"}],"author":[{"embeddable":true,"href":"https:\/\/www.merionline.com.br\/noticias\/wp-json\/wp\/v2\/users\/1"}],"replies":[{"embeddable":true,"href":"https:\/\/www.merionline.com.br\/noticias\/wp-json\/wp\/v2\/comments?post=70"}],"version-history":[{"count":1,"href":"https:\/\/www.merionline.com.br\/noticias\/wp-json\/wp\/v2\/posts\/70\/revisions"}],"predecessor-version":[{"id":72,"href":"https:\/\/www.merionline.com.br\/noticias\/wp-json\/wp\/v2\/posts\/70\/revisions\/72"}],"wp:featuredmedia":[{"embeddable":true,"href":"https:\/\/www.merionline.com.br\/noticias\/wp-json\/wp\/v2\/media\/71"}],"wp:attachment":[{"href":"https:\/\/www.merionline.com.br\/noticias\/wp-json\/wp\/v2\/media?parent=70"}],"wp:term":[{"taxonomy":"category","embeddable":true,"href":"https:\/\/www.merionline.com.br\/noticias\/wp-json\/wp\/v2\/categories?post=70"},{"taxonomy":"post_tag","embeddable":true,"href":"https:\/\/www.merionline.com.br\/noticias\/wp-json\/wp\/v2\/tags?post=70"}],"curies":[{"name":"wp","href":"https:\/\/api.w.org\/{rel}","templated":true}]}}