{"id":712,"date":"2020-02-19T08:00:05","date_gmt":"2020-02-19T11:00:05","guid":{"rendered":"http:\/\/www.merionline.com.br\/noticias\/?p=712"},"modified":"2020-02-19T18:54:05","modified_gmt":"2020-02-19T21:54:05","slug":"cci-inaugurado-em-ano-passado-ja-esta-recebendo-os-idosos","status":"publish","type":"post","link":"https:\/\/www.merionline.com.br\/noticias\/cci-inaugurado-em-ano-passado-ja-esta-recebendo-os-idosos\/","title":{"rendered":"CCI inaugurado no ano passado j\u00e1 est\u00e1 recebendo idosos"},"content":{"rendered":"<p>Novo espa\u00e7o para os idosos come\u00e7ou a funcionar ontem (18) em novo pr\u00e9dio na Av: Tadao Tobita pr\u00f3ximo ao cristo. O CCI (Centro de Conviv\u00eancia do Idoso) foi inaugurado na gest\u00e3o anterior pelo ent\u00e3o prefeito Val Rizzato, por\u00e9m adquirido na gest\u00e3o de Aristeu Baldin em 2013 junto ao Dep. Estadual Carl\u00e3o Pignatari e o Secret\u00e1rio Rodrigo Garcia.<\/p>\n<p>O pr\u00e9dio antigo do CCI da Rua Luiza Feltrin Guilhen ir\u00e1 continuar com suas atividades reduzidas.<\/p>\n<p>Por telefone conversamos com o ex-prefeito Aristeu Baldin e tiramos algumas d\u00favidas sobre o projeto, um dos assuntos foi referente ao tamanho do pr\u00e9dio do CCI novo, pois o local \u00e9 muito pequeno, Aristeu informou que o projeto foi feito pelo governo do Estado, e n\u00e3o tinham op\u00e7\u00f5es de tamanhos naquela oportunidade, e para n\u00e3o perder o CCI o prefeito optou por pegar assim mesmo.<\/p>\n<figure id=\"attachment_731\" aria-describedby=\"caption-attachment-731\" style=\"width: 973px\" class=\"wp-caption alignleft\"><img loading=\"lazy\" decoding=\"async\" class=\"wp-image-731 size-full\" src=\"https:\/\/www.merionline.com.br\/noticias\/wp-content\/uploads\/2020\/02\/xxxxx.fw_.png\" alt=\"PUBLICIDADE 1\" width=\"973\" height=\"245\" srcset=\"https:\/\/www.merionline.com.br\/noticias\/wp-content\/uploads\/2020\/02\/xxxxx.fw_.png 973w, https:\/\/www.merionline.com.br\/noticias\/wp-content\/uploads\/2020\/02\/xxxxx.fw_-300x76.png 300w, https:\/\/www.merionline.com.br\/noticias\/wp-content\/uploads\/2020\/02\/xxxxx.fw_-768x193.png 768w\" sizes=\"(max-width: 973px) 100vw, 973px\" \/><figcaption id=\"caption-attachment-731\" class=\"wp-caption-text\"><span style=\"color: #0000ff;\"><strong>PUBLICIDADE<\/strong><\/span><\/figcaption><\/figure>\n<p>A obra custou aproximadamente R$ 250mil reais, houve atrasos para entrega devido problemas com as empresas que ganharam a licita\u00e7\u00e3o, foi inaugurado em 02 de abril de 2019 pelo ent\u00e3o prefeito da \u00e9poca o Sr\u00ba Val Rizzato do PSDB.<\/p>\n<p>&nbsp;<\/p>\n<p><img loading=\"lazy\" decoding=\"async\" class=\"aligncenter size-large wp-image-728\" src=\"https:\/\/www.merionline.com.br\/noticias\/wp-content\/uploads\/2020\/02\/WhatsApp-Image-2020-02-19-at-10.35.18-1024x682.jpeg\" alt=\"\" width=\"1024\" height=\"682\" srcset=\"https:\/\/www.merionline.com.br\/noticias\/wp-content\/uploads\/2020\/02\/WhatsApp-Image-2020-02-19-at-10.35.18-1024x682.jpeg 1024w, https:\/\/www.merionline.com.br\/noticias\/wp-content\/uploads\/2020\/02\/WhatsApp-Image-2020-02-19-at-10.35.18-300x200.jpeg 300w, https:\/\/www.merionline.com.br\/noticias\/wp-content\/uploads\/2020\/02\/WhatsApp-Image-2020-02-19-at-10.35.18-768x512.jpeg 768w, https:\/\/www.merionline.com.br\/noticias\/wp-content\/uploads\/2020\/02\/WhatsApp-Image-2020-02-19-at-10.35.18.jpeg 1280w\" sizes=\"(max-width: 1024px) 100vw, 1024px\" \/><\/p>\n<p>&nbsp;<\/p>\n<p>&nbsp;<\/p>\n<p><iframe loading=\"lazy\" src=\"https:\/\/www.youtube.com\/embed\/vLxFBq8ddBI\" width=\"560\" height=\"315\" frameborder=\"0\" allowfullscreen=\"allowfullscreen\"><\/iframe><\/p>\n","protected":false},"excerpt":{"rendered":"<p>Novo espa\u00e7o para os idosos come\u00e7ou a funcionar ontem (18) em novo pr\u00e9dio na Av: Tadao Tobita pr\u00f3ximo ao cristo. O CCI (Centro de Conviv\u00eancia do Idoso) foi inaugurado na gest\u00e3o anterior pelo ent\u00e3o prefeito Val Rizzato, por\u00e9m adquirido na gest\u00e3o de Aristeu Baldin em 2013 junto ao Dep. Estadual Carl\u00e3o Pignatari e o Secret\u00e1rio [&hellip;]<\/p>\n","protected":false},"author":1,"featured_media":720,"comment_status":"open","ping_status":"open","sticky":false,"template":"","format":"standard","meta":{"footnotes":""},"categories":[3,6],"tags":[],"_links":{"self":[{"href":"https:\/\/www.merionline.com.br\/noticias\/wp-json\/wp\/v2\/posts\/712"}],"collection":[{"href":"https:\/\/www.merionline.com.br\/noticias\/wp-json\/wp\/v2\/posts"}],"about":[{"href":"https:\/\/www.merionline.com.br\/noticias\/wp-json\/wp\/v2\/types\/post"}],"author":[{"embeddable":true,"href":"https:\/\/www.merionline.com.br\/noticias\/wp-json\/wp\/v2\/users\/1"}],"replies":[{"embeddable":true,"href":"https:\/\/www.merionline.com.br\/noticias\/wp-json\/wp\/v2\/comments?post=712"}],"version-history":[{"count":18,"href":"https:\/\/www.merionline.com.br\/noticias\/wp-json\/wp\/v2\/posts\/712\/revisions"}],"predecessor-version":[{"id":714,"href":"https:\/\/www.merionline.com.br\/noticias\/wp-json\/wp\/v2\/posts\/712\/revisions\/714"}],"wp:featuredmedia":[{"embeddable":true,"href":"https:\/\/www.merionline.com.br\/noticias\/wp-json\/wp\/v2\/media\/720"}],"wp:attachment":[{"href":"https:\/\/www.merionline.com.br\/noticias\/wp-json\/wp\/v2\/media?parent=712"}],"wp:term":[{"taxonomy":"category","embeddable":true,"href":"https:\/\/www.merionline.com.br\/noticias\/wp-json\/wp\/v2\/categories?post=712"},{"taxonomy":"post_tag","embeddable":true,"href":"https:\/\/www.merionline.com.br\/noticias\/wp-json\/wp\/v2\/tags?post=712"}],"curies":[{"name":"wp","href":"https:\/\/api.w.org\/{rel}","templated":true}]}}