{"id":744,"date":"2020-02-20T20:45:22","date_gmt":"2020-02-20T23:45:22","guid":{"rendered":"http:\/\/www.merionline.com.br\/noticias\/?p=744"},"modified":"2020-02-21T00:29:21","modified_gmt":"2020-02-21T03:29:21","slug":"supermercado-serve-bem-foi-inaugurado-hoje-20","status":"publish","type":"post","link":"https:\/\/www.merionline.com.br\/noticias\/supermercado-serve-bem-foi-inaugurado-hoje-20\/","title":{"rendered":"Supermercado Serve Bem foi reinaugurado hoje (20)"},"content":{"rendered":"<p>Supermercado com tradi\u00e7\u00e3o de 4 d\u00e9cadas na cidade de Meridiano foi reinaugurado hoje (20) pela manh\u00e3. Aristeu disse a nossa reportagem, que est\u00e1 obra foi um sonho realizado e que continua acreditando na cidade que ama tanto.<\/p>\n<p>Serve Bem gerou mais emprego com a nova loja, antes eram 15 e hoje s\u00e3o 30 colaboradores, o mercado que mais emprega na cidade, a contrata\u00e7\u00e3o dos novos colaboradores \u00e9 para atender o imenso espa\u00e7o constru\u00eddo, dentre os servi\u00e7os que j\u00e1 ofereciam aumentou mais ap\u00f3s a reinaugura\u00e7\u00e3o, o local conta agora com padaria, Hortifrut, espa\u00e7o de artigos para presentes e acess\u00f3rios.<\/p>\n<blockquote><p>O ambiente \u00e9 totalmente climatizado!<\/p><\/blockquote>\n<p>V\u00e1rios convidados estiveram prestigiando a reinaugura\u00e7\u00e3o, entre eles os vereadores Alexandre, Agnaldo (lindo), Irceu Fagundes, ex-prefeito Val Rizzato, ex-vice M\u00e1rcia Adriano e o prefeito atual Maicon Fabiano. (v\u00eddeo no final da mat\u00e9ria)<\/p>\n<figure id=\"attachment_761\" aria-describedby=\"caption-attachment-761\" style=\"width: 831px\" class=\"wp-caption aligncenter\"><img loading=\"lazy\" decoding=\"async\" class=\" wp-image-761\" src=\"https:\/\/www.merionline.com.br\/noticias\/wp-content\/uploads\/2020\/02\/WhatsApp-Image-2020-02-20-at-21.07.05-1-1024x576.jpeg\" alt=\"\" width=\"831\" height=\"468\" srcset=\"https:\/\/www.merionline.com.br\/noticias\/wp-content\/uploads\/2020\/02\/WhatsApp-Image-2020-02-20-at-21.07.05-1-1024x576.jpeg 1024w, https:\/\/www.merionline.com.br\/noticias\/wp-content\/uploads\/2020\/02\/WhatsApp-Image-2020-02-20-at-21.07.05-1-300x169.jpeg 300w, https:\/\/www.merionline.com.br\/noticias\/wp-content\/uploads\/2020\/02\/WhatsApp-Image-2020-02-20-at-21.07.05-1-768x432.jpeg 768w, https:\/\/www.merionline.com.br\/noticias\/wp-content\/uploads\/2020\/02\/WhatsApp-Image-2020-02-20-at-21.07.05-1-1536x864.jpeg 1536w, https:\/\/www.merionline.com.br\/noticias\/wp-content\/uploads\/2020\/02\/WhatsApp-Image-2020-02-20-at-21.07.05-1.jpeg 1600w\" sizes=\"(max-width: 831px) 100vw, 831px\" \/><figcaption id=\"caption-attachment-761\" class=\"wp-caption-text\">Prefeito Maicon e Aristeu propriet\u00e1rio!<\/figcaption><\/figure>\n<figure id=\"attachment_731\" aria-describedby=\"caption-attachment-731\" style=\"width: 973px\" class=\"wp-caption aligncenter\"><img loading=\"lazy\" decoding=\"async\" class=\"size-full wp-image-731\" src=\"https:\/\/www.merionline.com.br\/noticias\/wp-content\/uploads\/2020\/02\/xxxxx.fw_.png\" alt=\"\" width=\"973\" height=\"245\" srcset=\"https:\/\/www.merionline.com.br\/noticias\/wp-content\/uploads\/2020\/02\/xxxxx.fw_.png 973w, https:\/\/www.merionline.com.br\/noticias\/wp-content\/uploads\/2020\/02\/xxxxx.fw_-300x76.png 300w, https:\/\/www.merionline.com.br\/noticias\/wp-content\/uploads\/2020\/02\/xxxxx.fw_-768x193.png 768w\" sizes=\"(max-width: 973px) 100vw, 973px\" \/><figcaption id=\"caption-attachment-731\" class=\"wp-caption-text\">PUBLICIDADE<\/figcaption><\/figure>\n<p>O supermercado aumentou sua carga hor\u00e1ria, que antes era at\u00e9 as 19h e passou para as 20h. Uma gama de novos produtos tamb\u00e9m foi acrescentado ao mercado reinaugurado, fazendo com a maioria dos itens sejam encontradas no local.<\/p>\n<p>&nbsp;<\/p>\n<div id='gallery-1' class='gallery galleryid-744 gallery-columns-3 gallery-size-thumbnail'><figure class='gallery-item'>\n\t\t\t<div class='gallery-icon landscape'>\n\t\t\t\t<a href='https:\/\/www.merionline.com.br\/noticias\/wp-content\/uploads\/2020\/02\/01.fw_-1.png'><img loading=\"lazy\" decoding=\"async\" width=\"150\" height=\"150\" src=\"https:\/\/www.merionline.com.br\/noticias\/wp-content\/uploads\/2020\/02\/01.fw_-1-150x150.png\" class=\"attachment-thumbnail size-thumbnail\" alt=\"\" \/><\/a>\n\t\t\t<\/div><\/figure><figure class='gallery-item'>\n\t\t\t<div class='gallery-icon landscape'>\n\t\t\t\t<a href='https:\/\/www.merionline.com.br\/noticias\/wp-content\/uploads\/2020\/02\/02.fw_.png'><img loading=\"lazy\" decoding=\"async\" width=\"150\" height=\"150\" src=\"https:\/\/www.merionline.com.br\/noticias\/wp-content\/uploads\/2020\/02\/02.fw_-150x150.png\" class=\"attachment-thumbnail size-thumbnail\" alt=\"\" \/><\/a>\n\t\t\t<\/div><\/figure><figure class='gallery-item'>\n\t\t\t<div class='gallery-icon landscape'>\n\t\t\t\t<a href='https:\/\/www.merionline.com.br\/noticias\/wp-content\/uploads\/2020\/02\/03.fw_.png'><img loading=\"lazy\" decoding=\"async\" width=\"150\" height=\"150\" src=\"https:\/\/www.merionline.com.br\/noticias\/wp-content\/uploads\/2020\/02\/03.fw_-150x150.png\" class=\"attachment-thumbnail size-thumbnail\" alt=\"\" \/><\/a>\n\t\t\t<\/div><\/figure><figure class='gallery-item'>\n\t\t\t<div class='gallery-icon landscape'>\n\t\t\t\t<a href='https:\/\/www.merionline.com.br\/noticias\/wp-content\/uploads\/2020\/02\/04.fw_.png'><img loading=\"lazy\" decoding=\"async\" width=\"150\" height=\"150\" src=\"https:\/\/www.merionline.com.br\/noticias\/wp-content\/uploads\/2020\/02\/04.fw_-150x150.png\" class=\"attachment-thumbnail size-thumbnail\" alt=\"\" \/><\/a>\n\t\t\t<\/div><\/figure><figure class='gallery-item'>\n\t\t\t<div class='gallery-icon landscape'>\n\t\t\t\t<a href='https:\/\/www.merionline.com.br\/noticias\/wp-content\/uploads\/2020\/02\/05.fw_.png'><img loading=\"lazy\" decoding=\"async\" width=\"150\" height=\"150\" src=\"https:\/\/www.merionline.com.br\/noticias\/wp-content\/uploads\/2020\/02\/05.fw_-150x150.png\" class=\"attachment-thumbnail size-thumbnail\" alt=\"\" \/><\/a>\n\t\t\t<\/div><\/figure><figure class='gallery-item'>\n\t\t\t<div class='gallery-icon landscape'>\n\t\t\t\t<a href='https:\/\/www.merionline.com.br\/noticias\/wp-content\/uploads\/2020\/02\/06.fw_.png'><img loading=\"lazy\" decoding=\"async\" width=\"150\" height=\"150\" src=\"https:\/\/www.merionline.com.br\/noticias\/wp-content\/uploads\/2020\/02\/06.fw_-150x150.png\" class=\"attachment-thumbnail size-thumbnail\" alt=\"\" \/><\/a>\n\t\t\t<\/div><\/figure><figure class='gallery-item'>\n\t\t\t<div class='gallery-icon landscape'>\n\t\t\t\t<a href='https:\/\/www.merionline.com.br\/noticias\/wp-content\/uploads\/2020\/02\/07.fw_.png'><img loading=\"lazy\" decoding=\"async\" width=\"150\" height=\"150\" src=\"https:\/\/www.merionline.com.br\/noticias\/wp-content\/uploads\/2020\/02\/07.fw_-150x150.png\" class=\"attachment-thumbnail size-thumbnail\" alt=\"\" \/><\/a>\n\t\t\t<\/div><\/figure><figure class='gallery-item'>\n\t\t\t<div class='gallery-icon landscape'>\n\t\t\t\t<a href='https:\/\/www.merionline.com.br\/noticias\/wp-content\/uploads\/2020\/02\/08.fw_.png'><img loading=\"lazy\" decoding=\"async\" width=\"150\" height=\"150\" src=\"https:\/\/www.merionline.com.br\/noticias\/wp-content\/uploads\/2020\/02\/08.fw_-150x150.png\" class=\"attachment-thumbnail size-thumbnail\" alt=\"\" \/><\/a>\n\t\t\t<\/div><\/figure><figure class='gallery-item'>\n\t\t\t<div class='gallery-icon landscape'>\n\t\t\t\t<a href='https:\/\/www.merionline.com.br\/noticias\/wp-content\/uploads\/2020\/02\/WhatsApp-Image-2020-02-20-at-21.07.05-1.jpeg'><img loading=\"lazy\" decoding=\"async\" width=\"150\" height=\"150\" src=\"https:\/\/www.merionline.com.br\/noticias\/wp-content\/uploads\/2020\/02\/WhatsApp-Image-2020-02-20-at-21.07.05-1-150x150.jpeg\" class=\"attachment-thumbnail size-thumbnail\" alt=\"\" aria-describedby=\"gallery-1-761\" \/><\/a>\n\t\t\t<\/div>\n\t\t\t\t<figcaption class='wp-caption-text gallery-caption' id='gallery-1-761'>\n\t\t\t\tPrefeito Maicon e Aristeu propriet\u00e1rio!\n\t\t\t\t<\/figcaption><\/figure><figure class='gallery-item'>\n\t\t\t<div class='gallery-icon landscape'>\n\t\t\t\t<a href='https:\/\/www.merionline.com.br\/noticias\/wp-content\/uploads\/2020\/02\/WhatsApp-Image-2020-02-20-at-21.07.14-1.jpeg'><img loading=\"lazy\" decoding=\"async\" width=\"150\" height=\"150\" src=\"https:\/\/www.merionline.com.br\/noticias\/wp-content\/uploads\/2020\/02\/WhatsApp-Image-2020-02-20-at-21.07.14-1-150x150.jpeg\" class=\"attachment-thumbnail size-thumbnail\" alt=\"\" \/><\/a>\n\t\t\t<\/div><\/figure>\n\t\t<\/div>\n\n<p><iframe loading=\"lazy\" src=\"https:\/\/www.youtube.com\/embed\/z31GzNUdlJQ\" width=\"560\" height=\"315\" frameborder=\"0\" allowfullscreen=\"allowfullscreen\"><\/iframe><\/p>\n","protected":false},"excerpt":{"rendered":"<p>Supermercado com tradi\u00e7\u00e3o de 4 d\u00e9cadas na cidade de Meridiano foi reinaugurado hoje (20) pela manh\u00e3. Aristeu disse a nossa reportagem, que est\u00e1 obra foi um sonho realizado e que continua acreditando na cidade que ama tanto. Serve Bem gerou mais emprego com a nova loja, antes eram 15 e hoje s\u00e3o 30 colaboradores, o [&hellip;]<\/p>\n","protected":false},"author":1,"featured_media":753,"comment_status":"open","ping_status":"open","sticky":false,"template":"","format":"standard","meta":{"footnotes":""},"categories":[3,6],"tags":[],"_links":{"self":[{"href":"https:\/\/www.merionline.com.br\/noticias\/wp-json\/wp\/v2\/posts\/744"}],"collection":[{"href":"https:\/\/www.merionline.com.br\/noticias\/wp-json\/wp\/v2\/posts"}],"about":[{"href":"https:\/\/www.merionline.com.br\/noticias\/wp-json\/wp\/v2\/types\/post"}],"author":[{"embeddable":true,"href":"https:\/\/www.merionline.com.br\/noticias\/wp-json\/wp\/v2\/users\/1"}],"replies":[{"embeddable":true,"href":"https:\/\/www.merionline.com.br\/noticias\/wp-json\/wp\/v2\/comments?post=744"}],"version-history":[{"count":23,"href":"https:\/\/www.merionline.com.br\/noticias\/wp-json\/wp\/v2\/posts\/744\/revisions"}],"predecessor-version":[{"id":781,"href":"https:\/\/www.merionline.com.br\/noticias\/wp-json\/wp\/v2\/posts\/744\/revisions\/781"}],"wp:featuredmedia":[{"embeddable":true,"href":"https:\/\/www.merionline.com.br\/noticias\/wp-json\/wp\/v2\/media\/753"}],"wp:attachment":[{"href":"https:\/\/www.merionline.com.br\/noticias\/wp-json\/wp\/v2\/media?parent=744"}],"wp:term":[{"taxonomy":"category","embeddable":true,"href":"https:\/\/www.merionline.com.br\/noticias\/wp-json\/wp\/v2\/categories?post=744"},{"taxonomy":"post_tag","embeddable":true,"href":"https:\/\/www.merionline.com.br\/noticias\/wp-json\/wp\/v2\/tags?post=744"}],"curies":[{"name":"wp","href":"https:\/\/api.w.org\/{rel}","templated":true}]}}