{"id":76,"date":"2013-11-08T03:01:45","date_gmt":"2013-11-08T05:01:45","guid":{"rendered":"http:\/\/www.merionline.com.br\/noticias\/?p=76"},"modified":"2013-11-08T03:02:03","modified_gmt":"2013-11-08T05:02:03","slug":"meridiano-ganha-pa-carregadeira-do-secretario-do-meio-ambiente-bruno-covas","status":"publish","type":"post","link":"https:\/\/www.merionline.com.br\/noticias\/meridiano-ganha-pa-carregadeira-do-secretario-do-meio-ambiente-bruno-covas\/","title":{"rendered":"Meridiano ganha P\u00e1 carregadeira do Secret\u00e1rio do meio ambiente Bruno Covas"},"content":{"rendered":"<p>O Prefeito Aristeu Baldin esteve esta semana com o Secret\u00e1rio do meio ambiente Bruno Covas. Aristeu fez uma reivindica\u00e7\u00e3o de uma P\u00e1 Carregadeira junto ao secret\u00e1rio. Foi atendido e conseguiu para o munic\u00edpio este importante ve\u00edculo. O valor \u00e9 de R$ 300.000,00.<\/p>\n","protected":false},"excerpt":{"rendered":"<p>O Prefeito Aristeu Baldin esteve esta semana com o Secret\u00e1rio do meio ambiente Bruno Covas. Aristeu fez uma reivindica\u00e7\u00e3o de uma P\u00e1 Carregadeira junto ao secret\u00e1rio. Foi atendido e conseguiu para o munic\u00edpio este importante ve\u00edculo. O valor \u00e9 de R$ 300.000,00.<\/p>\n","protected":false},"author":1,"featured_media":77,"comment_status":"open","ping_status":"open","sticky":false,"template":"","format":"standard","meta":{"footnotes":""},"categories":[3],"tags":[],"_links":{"self":[{"href":"https:\/\/www.merionline.com.br\/noticias\/wp-json\/wp\/v2\/posts\/76"}],"collection":[{"href":"https:\/\/www.merionline.com.br\/noticias\/wp-json\/wp\/v2\/posts"}],"about":[{"href":"https:\/\/www.merionline.com.br\/noticias\/wp-json\/wp\/v2\/types\/post"}],"author":[{"embeddable":true,"href":"https:\/\/www.merionline.com.br\/noticias\/wp-json\/wp\/v2\/users\/1"}],"replies":[{"embeddable":true,"href":"https:\/\/www.merionline.com.br\/noticias\/wp-json\/wp\/v2\/comments?post=76"}],"version-history":[{"count":1,"href":"https:\/\/www.merionline.com.br\/noticias\/wp-json\/wp\/v2\/posts\/76\/revisions"}],"predecessor-version":[{"id":78,"href":"https:\/\/www.merionline.com.br\/noticias\/wp-json\/wp\/v2\/posts\/76\/revisions\/78"}],"wp:featuredmedia":[{"embeddable":true,"href":"https:\/\/www.merionline.com.br\/noticias\/wp-json\/wp\/v2\/media\/77"}],"wp:attachment":[{"href":"https:\/\/www.merionline.com.br\/noticias\/wp-json\/wp\/v2\/media?parent=76"}],"wp:term":[{"taxonomy":"category","embeddable":true,"href":"https:\/\/www.merionline.com.br\/noticias\/wp-json\/wp\/v2\/categories?post=76"},{"taxonomy":"post_tag","embeddable":true,"href":"https:\/\/www.merionline.com.br\/noticias\/wp-json\/wp\/v2\/tags?post=76"}],"curies":[{"name":"wp","href":"https:\/\/api.w.org\/{rel}","templated":true}]}}