{"id":801,"date":"2020-02-26T14:40:55","date_gmt":"2020-02-26T17:40:55","guid":{"rendered":"http:\/\/www.merionline.com.br\/noticias\/?p=801"},"modified":"2020-02-28T10:41:28","modified_gmt":"2020-02-28T13:41:28","slug":"fiscais-do-povo-visitam-emei-para-averiguar-denuncia-por-falta-de-materiais","status":"publish","type":"post","link":"https:\/\/www.merionline.com.br\/noticias\/fiscais-do-povo-visitam-emei-para-averiguar-denuncia-por-falta-de-materiais\/","title":{"rendered":"Fiscais do povo visitam Emei para averiguar den\u00fancia por falta de materiais"},"content":{"rendered":"<p>Semana passada recebemos alguns emails citando a falta de alguns materiais essenciais para as crian\u00e7as da Emei, passamos ent\u00e3o a den\u00fancia para os 9 vereadores no intuito de fiscalizar as informa\u00e7\u00f5es e saber a veracidade dos fatos.<\/p>\n<p>Entramos em contato na sexta feira (21) com a Secret\u00e1ria da Educa\u00e7\u00e3o \u201cRosana Pichuti\u201d para maiores detalhes, por telefone Rosana se prontificou imediatamente em dar aten\u00e7\u00e3o ao caso para sanar quaisquer d\u00favidas, e marcamos para hoje (26) uma reuni\u00e3o com a secret\u00e1ria, diretora da EMEI e professores.<\/p>\n<p>Os vereadores Ismael, Carlinhos Savazzi e o Irceu Fagundes estiveram no local para \u201cfiscalizar\u201d e comprovar se realmente est\u00e1 faltando os materiais citados.<\/p>\n<p>Obtivemos as seguintes informa\u00e7\u00f5es;<\/p>\n<p>Foi marcada uma Licita\u00e7\u00e3o da compra de material escolar para o dia 27 de fevereiro e depois mudado para o dia 03 de mar\u00e7o, por\u00e9m a secret\u00e1ria da Educa\u00e7\u00e3o fez uma compra emergencial para os alunos n\u00e3o ficarem sem atividades na volta as aulas.<\/p>\n<p><strong>Itens comprados para volta as aulas:<\/strong><\/p>\n<p>L\u00e1pis , Cadernos, L\u00e1pis de cor, Borrachas, Papeis, Giz colorido.<\/p>\n<p><strong>Itens que segundo a den\u00fancia est\u00e3o faltando;<\/strong><\/p>\n<p>Pap\u00e9is coloridos para cartazes;<br \/>\nEVA;<br \/>\nPasta com grampo (uso para pasta de leitura);<br \/>\nPasta para aluno (guardar material);<br \/>\nMassa de modelar;<br \/>\nGiz de cera;<br \/>\nCanetinhas;<br \/>\nPincel at\u00f4mico;<br \/>\nPincel para quadro branco;<br \/>\nGiz de lousa colorido;<br \/>\nApostilas para Educa\u00e7\u00e3o infantil;<\/p>\n<p>Segundo a Diretora da Emei, a maioria dos itens citados acima, est\u00e3o sendo aproveitados com o que sobrou do ano passado e inclusive foram comprados em fevereiro diversos materiais como papeis, giz entre outros, sendo assim, os alunos est\u00e3o com materiais suficientes at\u00e9 o material principal chegar, destacou a diretora.<\/p>\n<p>Por telefone conversamos com o chefe do gabinete, Eduardo Rijo, e o mesmo informou que a licita\u00e7\u00e3o n\u00e3o pode ser feita antes pois estava sem a dota\u00e7\u00e3o or\u00e7ament\u00e1ria de 2020, por isso foi marcada a licita\u00e7\u00e3o para Mar\u00e7o.<\/p>\n<p>Ainda por telefone, o chefe de gabinete informou que foi aderido uma lista de materiais fornecido pela ata de registro de pre\u00e7o do FDE do governo do Estado, chegando a custar 70% a menos do que o valor or\u00e7ado nos anos anteriores. O material que antes chegava a custar R$ 80,00 por aluno, este ano ser\u00e1 de R$ 28,00 aproximadamente.<\/p>\n","protected":false},"excerpt":{"rendered":"<p>Semana passada recebemos alguns emails citando a falta de alguns materiais essenciais para as crian\u00e7as da Emei, passamos ent\u00e3o a den\u00fancia para os 9 vereadores no intuito de fiscalizar as informa\u00e7\u00f5es e saber a veracidade dos fatos. Entramos em contato na sexta feira (21) com a Secret\u00e1ria da Educa\u00e7\u00e3o \u201cRosana Pichuti\u201d para maiores detalhes, por [&hellip;]<\/p>\n","protected":false},"author":1,"featured_media":792,"comment_status":"open","ping_status":"open","sticky":false,"template":"","format":"standard","meta":{"footnotes":""},"categories":[3,6],"tags":[],"_links":{"self":[{"href":"https:\/\/www.merionline.com.br\/noticias\/wp-json\/wp\/v2\/posts\/801"}],"collection":[{"href":"https:\/\/www.merionline.com.br\/noticias\/wp-json\/wp\/v2\/posts"}],"about":[{"href":"https:\/\/www.merionline.com.br\/noticias\/wp-json\/wp\/v2\/types\/post"}],"author":[{"embeddable":true,"href":"https:\/\/www.merionline.com.br\/noticias\/wp-json\/wp\/v2\/users\/1"}],"replies":[{"embeddable":true,"href":"https:\/\/www.merionline.com.br\/noticias\/wp-json\/wp\/v2\/comments?post=801"}],"version-history":[{"count":1,"href":"https:\/\/www.merionline.com.br\/noticias\/wp-json\/wp\/v2\/posts\/801\/revisions"}],"predecessor-version":[{"id":802,"href":"https:\/\/www.merionline.com.br\/noticias\/wp-json\/wp\/v2\/posts\/801\/revisions\/802"}],"wp:featuredmedia":[{"embeddable":true,"href":"https:\/\/www.merionline.com.br\/noticias\/wp-json\/wp\/v2\/media\/792"}],"wp:attachment":[{"href":"https:\/\/www.merionline.com.br\/noticias\/wp-json\/wp\/v2\/media?parent=801"}],"wp:term":[{"taxonomy":"category","embeddable":true,"href":"https:\/\/www.merionline.com.br\/noticias\/wp-json\/wp\/v2\/categories?post=801"},{"taxonomy":"post_tag","embeddable":true,"href":"https:\/\/www.merionline.com.br\/noticias\/wp-json\/wp\/v2\/tags?post=801"}],"curies":[{"name":"wp","href":"https:\/\/api.w.org\/{rel}","templated":true}]}}