{"id":81,"date":"2013-11-07T03:11:05","date_gmt":"2013-11-07T05:11:05","guid":{"rendered":"http:\/\/www.merionline.com.br\/noticias\/?p=81"},"modified":"2013-11-08T03:12:20","modified_gmt":"2013-11-08T05:12:20","slug":"primeira-reuniao-cme-comissao-municipal-de-emprego-meridiano","status":"publish","type":"post","link":"https:\/\/www.merionline.com.br\/noticias\/primeira-reuniao-cme-comissao-municipal-de-emprego-meridiano\/","title":{"rendered":"Primeira reuni\u00e3o CME (Comiss\u00e3o Municipal de Emprego Meridiano)"},"content":{"rendered":"<p>A PREFEITURA DE MERIDIANO, REALIZOU NESTE M\u00caS DE ABRIL\/2013 A PRIMEIRA REUNI\u00c3O CME \u2013 MERIDIANO (COMISS\u00c3O MUNICIPAL DE EMPREGO MERIDIANO), NO QUAL SER\u00c1 REALIZADA A CADA TR\u00caS MESES. ESTEVE PRESENTE O SENHOR FABIO RENATO AMARO DA SILVA, DIRETOR REGIONAL DA SERT (SECRETARIA DO EMPREGO E RELA\u00c7\u00d5ES DO TRABALHO) E TAMB\u00c9M MEMBRO DA COMISS\u00c3O.<br \/>\nFORAM DISCUTIDOS PLANOS PARA CURSOS PROFISSIONALIZANTES, ONDE O\u00a0OBJETIVO \u00c9 QUALIFICAR PESSOAS DE AMBOS OS SEXOS GRATUITAMENTE, E TAMB\u00c9M OFERECER UMA BOLSA AUXILIO, PARA CADA PARTICIPANTE, IMPLANTA\u00c7\u00c3O DO BANCO DO POVO, O PROGRAMA PRO LAR, IMPLANTA\u00c7\u00c3O DO PROGRAMA FRENTE DE TRABALHO ENTRE OUTROS.<br \/>\n\u201cUMA DAS METAS PRINCIPAIS DA ADMINISTRA\u00c7\u00c3O, \u00c9 TRAZER PARA A CIDADE EMPREGO, COM QUALIFICA\u00c7\u00c3O E PARCERIAS. ATRAV\u00c9S DISSO IREMOS BUSCAR JUNTO A SERT (SECRETARIA DO EMPREGO E RELA\u00c7\u00d5ES DO TRABALHO), V\u00c1RIOS CURSOS QUE SER\u00c3O MINISTRADOS PELO CENTRO PAULA SOUZA E SEBRAE AQUI EM NOSSA CIDADE. EM BREVE AS INSCRI\u00c7\u00d5ES SER\u00c3O ABERTAS PARA TODA A POPULA\u00c7\u00c3O\u201d. DISSE O PREFEITO ARISTEU BALDIN.<br \/>\nABAIXO OS MEMBROS DA CME \u2013 MERIDIANO<br \/>\nAPARECIDO ROBERTO NESSO \u2013 PRESIDENTE DA CME \u2013 MERIDIANO<br \/>\nMARCELA LOPES DE MOURA \u2013 SECRET\u00c1RIA EXECUTIVA<br \/>\nALZIRO FERREIRA<br \/>\nJOS\u00c9 MILTON CINTRA<br \/>\nFABIO RENATO AMARA DA SILVA<br \/>\nNEUZA DULCE CREMONIN<br \/>\nLISANDRO DE ALMEIDA SOUZA<br \/>\nWALDEIR ALVES DE SOUZA<br \/>\nROSANA MARIA ALARCON<br \/>\nCLEBER DE QUEIROZ ROCHA<br \/>\nIVAN PEDROSO MARTINS VERONEZI<br \/>\nMARIN\u00caS GARCIA LUCON<br \/>\nCLAUDIRENE CRISTINA DE ALMEIDA<\/p>\n","protected":false},"excerpt":{"rendered":"<p>A PREFEITURA DE MERIDIANO, REALIZOU NESTE M\u00caS DE ABRIL\/2013 A PRIMEIRA REUNI\u00c3O CME \u2013 MERIDIANO (COMISS\u00c3O MUNICIPAL DE EMPREGO MERIDIANO), NO QUAL SER\u00c1 REALIZADA A CADA TR\u00caS MESES. ESTEVE PRESENTE O SENHOR FABIO RENATO AMARO DA SILVA, DIRETOR REGIONAL DA SERT (SECRETARIA DO EMPREGO E RELA\u00c7\u00d5ES DO TRABALHO) E TAMB\u00c9M MEMBRO DA COMISS\u00c3O. FORAM DISCUTIDOS [&hellip;]<\/p>\n","protected":false},"author":1,"featured_media":82,"comment_status":"open","ping_status":"open","sticky":false,"template":"","format":"standard","meta":{"footnotes":""},"categories":[3],"tags":[],"_links":{"self":[{"href":"https:\/\/www.merionline.com.br\/noticias\/wp-json\/wp\/v2\/posts\/81"}],"collection":[{"href":"https:\/\/www.merionline.com.br\/noticias\/wp-json\/wp\/v2\/posts"}],"about":[{"href":"https:\/\/www.merionline.com.br\/noticias\/wp-json\/wp\/v2\/types\/post"}],"author":[{"embeddable":true,"href":"https:\/\/www.merionline.com.br\/noticias\/wp-json\/wp\/v2\/users\/1"}],"replies":[{"embeddable":true,"href":"https:\/\/www.merionline.com.br\/noticias\/wp-json\/wp\/v2\/comments?post=81"}],"version-history":[{"count":1,"href":"https:\/\/www.merionline.com.br\/noticias\/wp-json\/wp\/v2\/posts\/81\/revisions"}],"predecessor-version":[{"id":83,"href":"https:\/\/www.merionline.com.br\/noticias\/wp-json\/wp\/v2\/posts\/81\/revisions\/83"}],"wp:featuredmedia":[{"embeddable":true,"href":"https:\/\/www.merionline.com.br\/noticias\/wp-json\/wp\/v2\/media\/82"}],"wp:attachment":[{"href":"https:\/\/www.merionline.com.br\/noticias\/wp-json\/wp\/v2\/media?parent=81"}],"wp:term":[{"taxonomy":"category","embeddable":true,"href":"https:\/\/www.merionline.com.br\/noticias\/wp-json\/wp\/v2\/categories?post=81"},{"taxonomy":"post_tag","embeddable":true,"href":"https:\/\/www.merionline.com.br\/noticias\/wp-json\/wp\/v2\/tags?post=81"}],"curies":[{"name":"wp","href":"https:\/\/api.w.org\/{rel}","templated":true}]}}