{"id":821,"date":"2020-03-03T13:54:05","date_gmt":"2020-03-03T16:54:05","guid":{"rendered":"http:\/\/www.merionline.com.br\/noticias\/?p=821"},"modified":"2020-03-03T14:10:39","modified_gmt":"2020-03-03T17:10:39","slug":"9a-cavalgada-de-meridiano-tera-show-com-ruan-e-leandro","status":"publish","type":"post","link":"https:\/\/www.merionline.com.br\/noticias\/9a-cavalgada-de-meridiano-tera-show-com-ruan-e-leandro\/","title":{"rendered":"9\u00aa cavalgada de Meridiano ter\u00e1 show com Ruan e Leandro"},"content":{"rendered":"<p>A 9\u00aa cavalgada de Meridiano ser\u00e1 no dia 22 deste m\u00eas (domingo), O evento tamb\u00e9m ter\u00e1 a famosa\u00a0 queima do alho, que j\u00e1 est\u00e1 em sua terceira edi\u00e7\u00e3o.<\/p>\n<p>O evento vai come\u00e7ar as 9 horas da manh\u00e3 com sa\u00edda de frente do Pronaf (entrada da cidade), e chegada no recinto, haver\u00e1 distribui\u00e7\u00e3o de trof\u00e9us e almo\u00e7o gr\u00e1tis para os cavaleiros.<\/p>\n<p>Na cavalgada deste ano, o show contratado ser\u00e1 com a dupla &#8220;Ruan e Leandro&#8221; da cidade de Americana-SP.<\/p>\n<p><iframe loading=\"lazy\" src=\"https:\/\/www.youtube.com\/embed\/hzD4mIO-Bdg\" width=\"560\" height=\"315\" frameborder=\"0\" allowfullscreen=\"allowfullscreen\"><\/iframe><\/p>\n<p><img loading=\"lazy\" decoding=\"async\" class=\"aligncenter size-full wp-image-822\" src=\"https:\/\/www.merionline.com.br\/noticias\/wp-content\/uploads\/2020\/03\/cavalgada.jpg\" alt=\"\" width=\"595\" height=\"842\" srcset=\"https:\/\/www.merionline.com.br\/noticias\/wp-content\/uploads\/2020\/03\/cavalgada.jpg 595w, https:\/\/www.merionline.com.br\/noticias\/wp-content\/uploads\/2020\/03\/cavalgada-212x300.jpg 212w\" sizes=\"(max-width: 595px) 100vw, 595px\" \/><\/p>\n<p>Custo do evento:<br \/>\nOs gastos com show, trof\u00e9us, infra estrutura entre outros ainda n\u00e3o foi divulgado ainda, ser\u00e1 publicado ap\u00f3s o evento pelo nosso site!<\/p>\n<p>&nbsp;<\/p>\n","protected":false},"excerpt":{"rendered":"<p>A 9\u00aa cavalgada de Meridiano ser\u00e1 no dia 22 deste m\u00eas (domingo), O evento tamb\u00e9m ter\u00e1 a famosa\u00a0 queima do alho, que j\u00e1 est\u00e1 em sua terceira edi\u00e7\u00e3o. O evento vai come\u00e7ar as 9 horas da manh\u00e3 com sa\u00edda de frente do Pronaf (entrada da cidade), e chegada no recinto, haver\u00e1 distribui\u00e7\u00e3o de trof\u00e9us e [&hellip;]<\/p>\n","protected":false},"author":1,"featured_media":823,"comment_status":"open","ping_status":"open","sticky":false,"template":"","format":"standard","meta":{"footnotes":""},"categories":[3,6],"tags":[],"_links":{"self":[{"href":"https:\/\/www.merionline.com.br\/noticias\/wp-json\/wp\/v2\/posts\/821"}],"collection":[{"href":"https:\/\/www.merionline.com.br\/noticias\/wp-json\/wp\/v2\/posts"}],"about":[{"href":"https:\/\/www.merionline.com.br\/noticias\/wp-json\/wp\/v2\/types\/post"}],"author":[{"embeddable":true,"href":"https:\/\/www.merionline.com.br\/noticias\/wp-json\/wp\/v2\/users\/1"}],"replies":[{"embeddable":true,"href":"https:\/\/www.merionline.com.br\/noticias\/wp-json\/wp\/v2\/comments?post=821"}],"version-history":[{"count":8,"href":"https:\/\/www.merionline.com.br\/noticias\/wp-json\/wp\/v2\/posts\/821\/revisions"}],"predecessor-version":[{"id":831,"href":"https:\/\/www.merionline.com.br\/noticias\/wp-json\/wp\/v2\/posts\/821\/revisions\/831"}],"wp:featuredmedia":[{"embeddable":true,"href":"https:\/\/www.merionline.com.br\/noticias\/wp-json\/wp\/v2\/media\/823"}],"wp:attachment":[{"href":"https:\/\/www.merionline.com.br\/noticias\/wp-json\/wp\/v2\/media?parent=821"}],"wp:term":[{"taxonomy":"category","embeddable":true,"href":"https:\/\/www.merionline.com.br\/noticias\/wp-json\/wp\/v2\/categories?post=821"},{"taxonomy":"post_tag","embeddable":true,"href":"https:\/\/www.merionline.com.br\/noticias\/wp-json\/wp\/v2\/tags?post=821"}],"curies":[{"name":"wp","href":"https:\/\/api.w.org\/{rel}","templated":true}]}}