{"id":841,"date":"2020-03-06T11:30:46","date_gmt":"2020-03-06T14:30:46","guid":{"rendered":"http:\/\/www.merionline.com.br\/noticias\/?p=841"},"modified":"2020-03-06T12:13:12","modified_gmt":"2020-03-06T15:13:12","slug":"sabesp-convocou-hoje-uma-reuniao-para-abordar-indicacao-de-vereador","status":"publish","type":"post","link":"https:\/\/www.merionline.com.br\/noticias\/sabesp-convocou-hoje-uma-reuniao-para-abordar-indicacao-de-vereador\/","title":{"rendered":"Sabesp convocou hoje uma reuni\u00e3o para abordar indica\u00e7\u00e3o de vereador"},"content":{"rendered":"<p>O gerente de divis\u00e3o da Sabesp, Sr\u00ba Andr\u00e9 Cavalini, marcou uma reuni\u00e3o hoje (06) na sede da Sabesp com os 9 vereadores da cidade, a pauta era discutir detalhes de uma indica\u00e7\u00e3o enviada pelo vereador Irceu Fagundes na \u00faltima sess\u00e3o do dia 02. O vereador enviou uma indica\u00e7\u00e3o de n\u00aa 011\/2020 onde pede a instala\u00e7\u00e3o de um redutor de ar nos hidrantes, segundo o vereador, este redutor poder\u00e1 impedir a passagem de ar e consequentemente diminuir o valor da conta.<\/p>\n<p>Na reuni\u00e3o, o gerente falou sobre o tema e destacou, cidades como Meridiano que n\u00e3o possuem manuten\u00e7\u00e3o constantes na rede, n\u00e3o h\u00e1 necessidade deste redutor, &#8220;<em>a Sabesp possui um sistema inteligente onde verifica constantemente a press\u00e3o da \u00e1gua<\/em>&#8220;, destacou ele.<\/p>\n<p><strong>Em resumo<\/strong><\/p>\n<p>A Sabesp n\u00e3o arcar\u00e1 com os custos deste redutor de ar a princ\u00edpio, pois a rede de \u00e1gua est\u00e1 dentro das normas e operando normalmente sem causar nenhum preju\u00edzo ao consumidor. Segundo ele, quem quiser instalar o redutor, dever\u00e1 instalar por conta pr\u00f3pria e depois do cavalete de \u00e1gua.<\/p>\n<p>Andr\u00e9 Cavalini informou ainda, que a Sabesp possui uma tecnologia em tempo real para avaliar a press\u00e3o da \u00e1gua e inclusive a falta dela, tudo \u00e9 monitorado 24 horas atrav\u00e9s de um painel instalado na sede, destacou. (veja foto)<\/p>\n<p>A indica\u00e7\u00e3o foi aprovada pelos 9 vereadores e seguiu para o chefe do executivo, o vereador comentou que vai aguardar uma resposta do prefeito sobre o caso.<\/p>\n<figure id=\"attachment_844\" aria-describedby=\"caption-attachment-844\" style=\"width: 1024px\" class=\"wp-caption aligncenter\"><img loading=\"lazy\" decoding=\"async\" class=\"wp-image-844 size-large\" src=\"https:\/\/www.merionline.com.br\/noticias\/wp-content\/uploads\/2020\/03\/WhatsApp-Image-2020-03-06-at-11.17.16-1024x576.jpeg\" alt=\"\" width=\"1024\" height=\"576\" srcset=\"https:\/\/www.merionline.com.br\/noticias\/wp-content\/uploads\/2020\/03\/WhatsApp-Image-2020-03-06-at-11.17.16-1024x576.jpeg 1024w, https:\/\/www.merionline.com.br\/noticias\/wp-content\/uploads\/2020\/03\/WhatsApp-Image-2020-03-06-at-11.17.16-300x169.jpeg 300w, https:\/\/www.merionline.com.br\/noticias\/wp-content\/uploads\/2020\/03\/WhatsApp-Image-2020-03-06-at-11.17.16-768x432.jpeg 768w, https:\/\/www.merionline.com.br\/noticias\/wp-content\/uploads\/2020\/03\/WhatsApp-Image-2020-03-06-at-11.17.16-1536x864.jpeg 1536w, https:\/\/www.merionline.com.br\/noticias\/wp-content\/uploads\/2020\/03\/WhatsApp-Image-2020-03-06-at-11.17.16.jpeg 1600w\" sizes=\"(max-width: 1024px) 100vw, 1024px\" \/><figcaption id=\"caption-attachment-844\" class=\"wp-caption-text\">Painel de acompanhamento em tempo real<\/figcaption><\/figure>\n<p>&nbsp;<\/p>\n","protected":false},"excerpt":{"rendered":"<p>O gerente de divis\u00e3o da Sabesp, Sr\u00ba Andr\u00e9 Cavalini, marcou uma reuni\u00e3o hoje (06) na sede da Sabesp com os 9 vereadores da cidade, a pauta era discutir detalhes de uma indica\u00e7\u00e3o enviada pelo vereador Irceu Fagundes na \u00faltima sess\u00e3o do dia 02. O vereador enviou uma indica\u00e7\u00e3o de n\u00aa 011\/2020 onde pede a instala\u00e7\u00e3o [&hellip;]<\/p>\n","protected":false},"author":1,"featured_media":845,"comment_status":"open","ping_status":"open","sticky":false,"template":"","format":"standard","meta":{"footnotes":""},"categories":[3,6],"tags":[],"_links":{"self":[{"href":"https:\/\/www.merionline.com.br\/noticias\/wp-json\/wp\/v2\/posts\/841"}],"collection":[{"href":"https:\/\/www.merionline.com.br\/noticias\/wp-json\/wp\/v2\/posts"}],"about":[{"href":"https:\/\/www.merionline.com.br\/noticias\/wp-json\/wp\/v2\/types\/post"}],"author":[{"embeddable":true,"href":"https:\/\/www.merionline.com.br\/noticias\/wp-json\/wp\/v2\/users\/1"}],"replies":[{"embeddable":true,"href":"https:\/\/www.merionline.com.br\/noticias\/wp-json\/wp\/v2\/comments?post=841"}],"version-history":[{"count":17,"href":"https:\/\/www.merionline.com.br\/noticias\/wp-json\/wp\/v2\/posts\/841\/revisions"}],"predecessor-version":[{"id":860,"href":"https:\/\/www.merionline.com.br\/noticias\/wp-json\/wp\/v2\/posts\/841\/revisions\/860"}],"wp:featuredmedia":[{"embeddable":true,"href":"https:\/\/www.merionline.com.br\/noticias\/wp-json\/wp\/v2\/media\/845"}],"wp:attachment":[{"href":"https:\/\/www.merionline.com.br\/noticias\/wp-json\/wp\/v2\/media?parent=841"}],"wp:term":[{"taxonomy":"category","embeddable":true,"href":"https:\/\/www.merionline.com.br\/noticias\/wp-json\/wp\/v2\/categories?post=841"},{"taxonomy":"post_tag","embeddable":true,"href":"https:\/\/www.merionline.com.br\/noticias\/wp-json\/wp\/v2\/tags?post=841"}],"curies":[{"name":"wp","href":"https:\/\/api.w.org\/{rel}","templated":true}]}}