{"id":862,"date":"2020-03-15T15:51:45","date_gmt":"2020-03-15T18:51:45","guid":{"rendered":"http:\/\/www.merionline.com.br\/noticias\/?p=862"},"modified":"2020-03-18T10:42:57","modified_gmt":"2020-03-18T13:42:57","slug":"igreja-de-meridiano-cancela-tradicional-quermesse-veja-nota","status":"publish","type":"post","link":"https:\/\/www.merionline.com.br\/noticias\/igreja-de-meridiano-cancela-tradicional-quermesse-veja-nota\/","title":{"rendered":"Igreja de Meridiano cancela tradicional Quermesse, veja nota!"},"content":{"rendered":"<p>Os organizadores da tradicional Quermesse de Meridiano, acharam melhor cancelar os dois principais eventos, &#8220;Leil\u00e3o de gados e Quermesse&#8221;, a justificativa do cancelamento \u00e9 a situa\u00e7\u00e3o atual do Coronav\u00edrus no Pa\u00eds e no Mundo.<\/p>\n<p>O padre Luciano, fez um pronunciamento nas redes sociais sobre o tema, veja:<\/p>\n<blockquote><p>Em prol ao bem comum, tendo preocupa\u00e7\u00e3o com a sa\u00fade de todos a quermesse e o leil\u00e3o do gado est\u00e3o cancelados. Quando houver a queda do cont\u00e1gio do coronav\u00edrus remarcaremos os eventos em uma outra data.<\/p>\n<p><span style=\"background-color: #ffffff; font-size: 19px; text-transform: initial;\">Padre Luciano R. Natividade<\/span><\/p><\/blockquote>\n<p style=\"text-align: left;\">Nossa reda\u00e7\u00e3o recebeu uma nota sobre o cancelamento, veja:<\/p>\n<blockquote>\n<p style=\"text-align: left;\">A decis\u00e3o foi tomada seguindo as orienta\u00e7\u00f5es do Minist\u00e9rio da Sa\u00fade e da C\u00faria Diocesana de Jales, pedimos ajuda ao nosso Bispo Diocesano Dom Reginaldo, que nos orientou a suspender os eventos festivos tendo em vista o alto risco de cont\u00e1gio do Coronav\u00edrus, estas festas tornaram-se tradi\u00e7\u00e3o a d\u00e9cadas na comunidade e hoje recebe grande n\u00famero de pessoas que prestigiam os eventos, incluindo toda nossa regi\u00e3o. Uma nova data ser\u00e1 marcada para realiza\u00e7\u00e3o desses eventos, e iremos comunicar assim que poss\u00edvel.Pensamos em aguardar mais alguns dias para tomar essa decis\u00e3o, mas o fornecimento de tudo que ser\u00e1 consumido nesses dois eventos necessitam serem encomendados com anteced\u00eancia e ficaria complicado para adiquiri-los ou at\u00e9 mesmo cancelar em cima da hora. Aproveito para agradecer as pessoas que doaram prendas, frangos e outros, e pe\u00e7o a compreens\u00e3o de todos, pois n\u00e3o iremos recolher at\u00e9 nova data, por n\u00e3o ter onde armazen\u00e1-los, mas contamos com essa doa\u00e7\u00e3o para o evento na data oportuna.<\/p>\n<p style=\"text-align: center;\">Edivan Tonelote<br \/>\nCoordenador CPA<\/p>\n<\/blockquote>\n<p><img loading=\"lazy\" decoding=\"async\" class=\"aligncenter size-full wp-image-914\" src=\"https:\/\/www.merionline.com.br\/noticias\/wp-content\/uploads\/2020\/03\/WhatsApp-Image-2020-03-17-at-18.39.59-3.jpeg\" alt=\"\" width=\"474\" height=\"381\" srcset=\"https:\/\/www.merionline.com.br\/noticias\/wp-content\/uploads\/2020\/03\/WhatsApp-Image-2020-03-17-at-18.39.59-3.jpeg 474w, https:\/\/www.merionline.com.br\/noticias\/wp-content\/uploads\/2020\/03\/WhatsApp-Image-2020-03-17-at-18.39.59-3-300x241.jpeg 300w\" sizes=\"(max-width: 474px) 100vw, 474px\" \/><\/p>\n<p>&nbsp;<\/p>\n<p>&nbsp;<\/p>\n","protected":false},"excerpt":{"rendered":"<p>Os organizadores da tradicional Quermesse de Meridiano, acharam melhor cancelar os dois principais eventos, &#8220;Leil\u00e3o de gados e Quermesse&#8221;, a justificativa do cancelamento \u00e9 a situa\u00e7\u00e3o atual do Coronav\u00edrus no Pa\u00eds e no Mundo. O padre Luciano, fez um pronunciamento nas redes sociais sobre o tema, veja: Em prol ao bem comum, tendo preocupa\u00e7\u00e3o com [&hellip;]<\/p>\n","protected":false},"author":1,"featured_media":863,"comment_status":"open","ping_status":"open","sticky":false,"template":"","format":"standard","meta":{"footnotes":""},"categories":[3,6],"tags":[],"_links":{"self":[{"href":"https:\/\/www.merionline.com.br\/noticias\/wp-json\/wp\/v2\/posts\/862"}],"collection":[{"href":"https:\/\/www.merionline.com.br\/noticias\/wp-json\/wp\/v2\/posts"}],"about":[{"href":"https:\/\/www.merionline.com.br\/noticias\/wp-json\/wp\/v2\/types\/post"}],"author":[{"embeddable":true,"href":"https:\/\/www.merionline.com.br\/noticias\/wp-json\/wp\/v2\/users\/1"}],"replies":[{"embeddable":true,"href":"https:\/\/www.merionline.com.br\/noticias\/wp-json\/wp\/v2\/comments?post=862"}],"version-history":[{"count":7,"href":"https:\/\/www.merionline.com.br\/noticias\/wp-json\/wp\/v2\/posts\/862\/revisions"}],"predecessor-version":[{"id":919,"href":"https:\/\/www.merionline.com.br\/noticias\/wp-json\/wp\/v2\/posts\/862\/revisions\/919"}],"wp:featuredmedia":[{"embeddable":true,"href":"https:\/\/www.merionline.com.br\/noticias\/wp-json\/wp\/v2\/media\/863"}],"wp:attachment":[{"href":"https:\/\/www.merionline.com.br\/noticias\/wp-json\/wp\/v2\/media?parent=862"}],"wp:term":[{"taxonomy":"category","embeddable":true,"href":"https:\/\/www.merionline.com.br\/noticias\/wp-json\/wp\/v2\/categories?post=862"},{"taxonomy":"post_tag","embeddable":true,"href":"https:\/\/www.merionline.com.br\/noticias\/wp-json\/wp\/v2\/tags?post=862"}],"curies":[{"name":"wp","href":"https:\/\/api.w.org\/{rel}","templated":true}]}}