{"id":876,"date":"2020-03-15T20:15:02","date_gmt":"2020-03-15T23:15:02","guid":{"rendered":"http:\/\/www.merionline.com.br\/noticias\/?p=876"},"modified":"2020-03-18T10:28:22","modified_gmt":"2020-03-18T13:28:22","slug":"aulas-na-emei-e-emef-de-meridiano-poderao-ser-suspensas-no-decorrer-da-semana","status":"publish","type":"post","link":"https:\/\/www.merionline.com.br\/noticias\/aulas-na-emei-e-emef-de-meridiano-poderao-ser-suspensas-no-decorrer-da-semana\/","title":{"rendered":"Aulas na EMEI E EMEF de Meridiano poder\u00e3o ser suspensas no decorrer da semana"},"content":{"rendered":"<div class=\"\" data-block=\"true\" data-editor=\"531c8\" data-offset-key=\"chvnb-0-0\">\n<div class=\"_1mf _1mj\" data-offset-key=\"chvnb-0-0\"><span data-offset-key=\"chvnb-0-0\">AULAS NA EMEI, EMEF E EMEIF DE MERIDIANO PODER\u00c3O ESTAR SUSPENSAS AT\u00c9 NOVAS ORIENTA\u00c7\u00d5ES QUE SER\u00c3O PASSADAS!\u00a0<\/span><\/div>\n<\/div>\n<div class=\"\" data-block=\"true\" data-editor=\"531c8\" data-offset-key=\"98vdr-0-0\">\n<div class=\"_1mf _1mj\" data-offset-key=\"98vdr-0-0\"><span data-offset-key=\"98vdr-0-0\">\u00a0<\/span><\/div>\n<\/div>\n<div class=\"\" data-block=\"true\" data-editor=\"531c8\" data-offset-key=\"ds3s9-0-0\">\n<div class=\"_1mf _1mj\" data-offset-key=\"ds3s9-0-0\"><span data-offset-key=\"ds3s9-0-0\">A Emef, Emei e Emeif de Meridiano, ir\u00e3o seguir orienta\u00e7\u00f5es do do Governo do Estado.<\/span><\/div>\n<div data-offset-key=\"ds3s9-0-0\"><\/div>\n<div class=\"_1mf _1mj\" data-offset-key=\"ds3s9-0-0\"><span style=\"text-transform: initial;\">Amanh\u00e3 (16) as crian\u00e7as que &#8220;tem&#8221; como ficar em casa, poder\u00e3o ficar com tranquilidade. As faltas n\u00e3o ser\u00e3o computadas.<\/span><\/div>\n<\/div>\n<div class=\"\" data-block=\"true\" data-editor=\"531c8\" data-offset-key=\"drgds-0-0\">\n<div class=\"_1mf _1mj\" data-offset-key=\"drgds-0-0\">\n<p>&nbsp;<\/p>\n<\/div>\n<\/div>\n<div class=\"\" data-block=\"true\" data-editor=\"531c8\" data-offset-key=\"din9c-0-0\">\n<div class=\"_1mf _1mj\" data-offset-key=\"din9c-0-0\"><span data-offset-key=\"din9c-0-0\">Os professores n\u00e3o dar\u00e3o provas e n\u00e3o seguir\u00e3o com o conte\u00fado. Os alunos que forem as aulas far\u00e3o revis\u00e3o do conte\u00fado, para que os demais n\u00e3o sejam prejudicados.<\/span><\/div>\n<\/div>\n<div class=\"\" data-block=\"true\" data-editor=\"531c8\" data-offset-key=\"76us8-0-0\">\n<div class=\"_1mf _1mj\" data-offset-key=\"76us8-0-0\"><span data-offset-key=\"76us8-0-0\">\u00a0<\/span><\/div>\n<\/div>\n<div class=\"\" data-block=\"true\" data-editor=\"531c8\" data-offset-key=\"d111k-0-0\">\n<div class=\"_1mf _1mj\" data-offset-key=\"d111k-0-0\"><span data-offset-key=\"d111k-0-0\">Gradualmente os pais dever\u00e3o se organizarem, pois at\u00e9 quarta feira (18) dever\u00e1 ter a suspens\u00e3o completa das aulas.<\/span><\/div>\n<div data-offset-key=\"d111k-0-0\">\n<p><img loading=\"lazy\" decoding=\"async\" class=\"aligncenter wp-image-914 size-full\" src=\"https:\/\/www.merionline.com.br\/noticias\/wp-content\/uploads\/2020\/03\/WhatsApp-Image-2020-03-17-at-18.39.59-3.jpeg\" alt=\"\" width=\"474\" height=\"381\" srcset=\"https:\/\/www.merionline.com.br\/noticias\/wp-content\/uploads\/2020\/03\/WhatsApp-Image-2020-03-17-at-18.39.59-3.jpeg 474w, https:\/\/www.merionline.com.br\/noticias\/wp-content\/uploads\/2020\/03\/WhatsApp-Image-2020-03-17-at-18.39.59-3-300x241.jpeg 300w\" sizes=\"(max-width: 474px) 100vw, 474px\" \/><\/p>\n<\/div>\n<\/div>\n<div class=\"\" data-block=\"true\" data-editor=\"531c8\" data-offset-key=\"d4v6j-0-0\">\n<div class=\"_1mf _1mj\" data-offset-key=\"d4v6j-0-0\"><span data-offset-key=\"d4v6j-0-0\">\u00a0<\/span><\/div>\n<\/div>\n<div class=\"\" data-block=\"true\" data-editor=\"531c8\" data-offset-key=\"1rb8f-0-0\">\n<div class=\"_1mf _1mj\" data-offset-key=\"1rb8f-0-0\"><span data-offset-key=\"1rb8f-0-0\">Agora \u00e9 momento de cuidarmos das nossas crian\u00e7as. Com sa\u00fade n\u00e3o se brinca!<\/span><\/div>\n<\/div>\n<div class=\"\" data-block=\"true\" data-editor=\"531c8\" data-offset-key=\"87p8r-0-0\">\n<div class=\"_1mf _1mj\" data-offset-key=\"87p8r-0-0\"><span data-offset-key=\"87p8r-0-0\">\u00a0<\/span><\/div>\n<\/div>\n<div class=\"\" data-block=\"true\" data-editor=\"531c8\" data-offset-key=\"5blmt-0-0\">\n<div class=\"_1mf _1mj\" data-offset-key=\"5blmt-0-0\"><span data-offset-key=\"5blmt-0-0\">Assim que tiver novas orienta\u00e7\u00f5es, publicarei na p\u00e1gina da escola. <\/span><\/div>\n<\/div>\n<div class=\"\" data-block=\"true\" data-editor=\"531c8\" data-offset-key=\"dfqo6-0-0\">\n<div class=\"_1mf _1mj\" data-offset-key=\"dfqo6-0-0\"><span data-offset-key=\"dfqo6-0-0\">\u00a0<\/span><\/div>\n<\/div>\n<div class=\"\" data-block=\"true\" data-editor=\"531c8\" data-offset-key=\"2psf7-0-0\">\n<div class=\"_1mf _1mj\" data-offset-key=\"2psf7-0-0\"><span data-offset-key=\"2psf7-0-0\">(Secret\u00e1ria de Educa\u00e7\u00e3o de Meridiano)<\/span><\/div>\n<\/div>\n","protected":false},"excerpt":{"rendered":"<p>AULAS NA EMEI, EMEF E EMEIF DE MERIDIANO PODER\u00c3O ESTAR SUSPENSAS AT\u00c9 NOVAS ORIENTA\u00c7\u00d5ES QUE SER\u00c3O PASSADAS!\u00a0 \u00a0 A Emef, Emei e Emeif de Meridiano, ir\u00e3o seguir orienta\u00e7\u00f5es do do Governo do Estado. Amanh\u00e3 (16) as crian\u00e7as que &#8220;tem&#8221; como ficar em casa, poder\u00e3o ficar com tranquilidade. As faltas n\u00e3o ser\u00e3o computadas. &nbsp; Os professores [&hellip;]<\/p>\n","protected":false},"author":1,"featured_media":871,"comment_status":"open","ping_status":"open","sticky":false,"template":"","format":"standard","meta":{"footnotes":""},"categories":[3,6],"tags":[],"_links":{"self":[{"href":"https:\/\/www.merionline.com.br\/noticias\/wp-json\/wp\/v2\/posts\/876"}],"collection":[{"href":"https:\/\/www.merionline.com.br\/noticias\/wp-json\/wp\/v2\/posts"}],"about":[{"href":"https:\/\/www.merionline.com.br\/noticias\/wp-json\/wp\/v2\/types\/post"}],"author":[{"embeddable":true,"href":"https:\/\/www.merionline.com.br\/noticias\/wp-json\/wp\/v2\/users\/1"}],"replies":[{"embeddable":true,"href":"https:\/\/www.merionline.com.br\/noticias\/wp-json\/wp\/v2\/comments?post=876"}],"version-history":[{"count":5,"href":"https:\/\/www.merionline.com.br\/noticias\/wp-json\/wp\/v2\/posts\/876\/revisions"}],"predecessor-version":[{"id":918,"href":"https:\/\/www.merionline.com.br\/noticias\/wp-json\/wp\/v2\/posts\/876\/revisions\/918"}],"wp:featuredmedia":[{"embeddable":true,"href":"https:\/\/www.merionline.com.br\/noticias\/wp-json\/wp\/v2\/media\/871"}],"wp:attachment":[{"href":"https:\/\/www.merionline.com.br\/noticias\/wp-json\/wp\/v2\/media?parent=876"}],"wp:term":[{"taxonomy":"category","embeddable":true,"href":"https:\/\/www.merionline.com.br\/noticias\/wp-json\/wp\/v2\/categories?post=876"},{"taxonomy":"post_tag","embeddable":true,"href":"https:\/\/www.merionline.com.br\/noticias\/wp-json\/wp\/v2\/tags?post=876"}],"curies":[{"name":"wp","href":"https:\/\/api.w.org\/{rel}","templated":true}]}}