{"id":881,"date":"2020-03-16T12:51:16","date_gmt":"2020-03-16T15:51:16","guid":{"rendered":"http:\/\/www.merionline.com.br\/noticias\/?p=881"},"modified":"2020-03-18T10:28:06","modified_gmt":"2020-03-18T13:28:06","slug":"prefeitura-de-meridiano-cancelou-todos-os-eventos-deste-mes","status":"publish","type":"post","link":"https:\/\/www.merionline.com.br\/noticias\/prefeitura-de-meridiano-cancelou-todos-os-eventos-deste-mes\/","title":{"rendered":"Prefeitura de Meridiano cancelou todos os eventos deste m\u00eas"},"content":{"rendered":"<p>Em reuni\u00e3o hoje pela manh\u00e3 (16),\u00a0a prefeitura de Meridiano decidiu por cancelar &#8220;temporariamente&#8221; os eventos deste m\u00eas, segundo o prefeito, foi necess\u00e1rio para prevenir o cont\u00e1gio do Coronavirus, o v\u00edrus est\u00e1 se espalhando com muita rapidez pelo Pa\u00eds e mundo a fora.<\/p>\n<p>A prefeitura preferiu adiar os eventos e seguir os protocolos do governo do Estado. O Governador do Estado de S\u00e3o Paulo baixou um decreto est\u00e1 semana pedindo para evitar aglomera\u00e7\u00f5es, principalmente em eventos acima de 500 pessoas.<\/p>\n<p><iframe loading=\"lazy\" src=\"https:\/\/www.youtube.com\/embed\/vucqcXnBwPE\" width=\"560\" height=\"315\" frameborder=\"0\" allowfullscreen=\"allowfullscreen\"><\/iframe><\/p>\n<p>N\u00e3o foi decidido nenhuma data para a realiza\u00e7\u00e3o destes eventos, na reuni\u00e3o foi citado um prazo minimo de 60 dias para rever a situa\u00e7\u00e3o.<\/p>\n<hr \/>\n<p><em>Por: Paulo Rog\u00e9rio<\/em><\/p>\n<p><img loading=\"lazy\" decoding=\"async\" class=\"aligncenter wp-image-914 size-full\" src=\"https:\/\/www.merionline.com.br\/noticias\/wp-content\/uploads\/2020\/03\/WhatsApp-Image-2020-03-17-at-18.39.59-3.jpeg\" alt=\"\" width=\"474\" height=\"381\" srcset=\"https:\/\/www.merionline.com.br\/noticias\/wp-content\/uploads\/2020\/03\/WhatsApp-Image-2020-03-17-at-18.39.59-3.jpeg 474w, https:\/\/www.merionline.com.br\/noticias\/wp-content\/uploads\/2020\/03\/WhatsApp-Image-2020-03-17-at-18.39.59-3-300x241.jpeg 300w\" sizes=\"(max-width: 474px) 100vw, 474px\" \/><\/p>\n","protected":false},"excerpt":{"rendered":"<p>Em reuni\u00e3o hoje pela manh\u00e3 (16),\u00a0a prefeitura de Meridiano decidiu por cancelar &#8220;temporariamente&#8221; os eventos deste m\u00eas, segundo o prefeito, foi necess\u00e1rio para prevenir o cont\u00e1gio do Coronavirus, o v\u00edrus est\u00e1 se espalhando com muita rapidez pelo Pa\u00eds e mundo a fora. A prefeitura preferiu adiar os eventos e seguir os protocolos do governo do [&hellip;]<\/p>\n","protected":false},"author":1,"featured_media":882,"comment_status":"open","ping_status":"open","sticky":false,"template":"","format":"standard","meta":{"footnotes":""},"categories":[3,6],"tags":[],"_links":{"self":[{"href":"https:\/\/www.merionline.com.br\/noticias\/wp-json\/wp\/v2\/posts\/881"}],"collection":[{"href":"https:\/\/www.merionline.com.br\/noticias\/wp-json\/wp\/v2\/posts"}],"about":[{"href":"https:\/\/www.merionline.com.br\/noticias\/wp-json\/wp\/v2\/types\/post"}],"author":[{"embeddable":true,"href":"https:\/\/www.merionline.com.br\/noticias\/wp-json\/wp\/v2\/users\/1"}],"replies":[{"embeddable":true,"href":"https:\/\/www.merionline.com.br\/noticias\/wp-json\/wp\/v2\/comments?post=881"}],"version-history":[{"count":6,"href":"https:\/\/www.merionline.com.br\/noticias\/wp-json\/wp\/v2\/posts\/881\/revisions"}],"predecessor-version":[{"id":917,"href":"https:\/\/www.merionline.com.br\/noticias\/wp-json\/wp\/v2\/posts\/881\/revisions\/917"}],"wp:featuredmedia":[{"embeddable":true,"href":"https:\/\/www.merionline.com.br\/noticias\/wp-json\/wp\/v2\/media\/882"}],"wp:attachment":[{"href":"https:\/\/www.merionline.com.br\/noticias\/wp-json\/wp\/v2\/media?parent=881"}],"wp:term":[{"taxonomy":"category","embeddable":true,"href":"https:\/\/www.merionline.com.br\/noticias\/wp-json\/wp\/v2\/categories?post=881"},{"taxonomy":"post_tag","embeddable":true,"href":"https:\/\/www.merionline.com.br\/noticias\/wp-json\/wp\/v2\/tags?post=881"}],"curies":[{"name":"wp","href":"https:\/\/api.w.org\/{rel}","templated":true}]}}