{"id":886,"date":"2020-03-16T13:28:23","date_gmt":"2020-03-16T16:28:23","guid":{"rendered":"http:\/\/www.merionline.com.br\/noticias\/?p=886"},"modified":"2020-03-18T10:27:48","modified_gmt":"2020-03-18T13:27:48","slug":"aulas-na-emef-emei-e-emeif-estao-suspensas-a-partir-de-amanha-17","status":"publish","type":"post","link":"https:\/\/www.merionline.com.br\/noticias\/aulas-na-emef-emei-e-emeif-estao-suspensas-a-partir-de-amanha-17\/","title":{"rendered":"Aulas na Emef, Emei e Emeif est\u00e3o suspensas a partir de amanh\u00e3 (17)"},"content":{"rendered":"<p>NOTA DE ESCLARECIMENTO:<\/p>\n<p>A Secretaria Municipal de Educa\u00e7\u00e3o de Meridiano comunica que, diante do agravamento da propaga\u00e7\u00e3o do Coronavirus no Brasil e no Estado de S\u00e3o Paulo, as Unidades Escolares da Rede Municipal de Ensino Emef Prof Paula Zangrando, Emei Dolores Maria Torrente e Emeif Aneice Garcia ter\u00e3o suas aulas SUSPENSAS por tempo indeterminado a partir desta ter\u00e7a-feira 17\/03\/2020.<\/p>\n<p><img loading=\"lazy\" decoding=\"async\" class=\"aligncenter wp-image-914 size-full\" src=\"https:\/\/www.merionline.com.br\/noticias\/wp-content\/uploads\/2020\/03\/WhatsApp-Image-2020-03-17-at-18.39.59-3.jpeg\" alt=\"\" width=\"474\" height=\"381\" srcset=\"https:\/\/www.merionline.com.br\/noticias\/wp-content\/uploads\/2020\/03\/WhatsApp-Image-2020-03-17-at-18.39.59-3.jpeg 474w, https:\/\/www.merionline.com.br\/noticias\/wp-content\/uploads\/2020\/03\/WhatsApp-Image-2020-03-17-at-18.39.59-3-300x241.jpeg 300w\" sizes=\"(max-width: 474px) 100vw, 474px\" \/><\/p>\n<p>A medida foi necess\u00e1ria e est\u00e1 atendendo ao Decreto n\u00b0 64.862 de 13\/03\/2020 emitido pelo Governo do Estado de S\u00e3o Paulo, Decreto n\u00b0 2180 de 16\/03\/2020 emitido pelo Sr. Prefeito Maicon Fabiano de Oliveira e seguindo tamb\u00e9m orienta\u00e7\u00f5es do Secret\u00e1rio Municipal da Sa\u00fade Alex Garcia.<\/p>\n<p>Estamos prontos para esclarecer todas as d\u00favidas e<br \/>\ndesde j\u00e1, agrade\u00e7o a compreens\u00e3o de todos.<\/p>\n<p>Rosana Maria Pichuti Gandolphi (Secret\u00e1ria Mun. De Educa\u00e7\u00e3o)<\/p>\n","protected":false},"excerpt":{"rendered":"<p>NOTA DE ESCLARECIMENTO: A Secretaria Municipal de Educa\u00e7\u00e3o de Meridiano comunica que, diante do agravamento da propaga\u00e7\u00e3o do Coronavirus no Brasil e no Estado de S\u00e3o Paulo, as Unidades Escolares da Rede Municipal de Ensino Emef Prof Paula Zangrando, Emei Dolores Maria Torrente e Emeif Aneice Garcia ter\u00e3o suas aulas SUSPENSAS por tempo indeterminado a [&hellip;]<\/p>\n","protected":false},"author":1,"featured_media":887,"comment_status":"open","ping_status":"open","sticky":false,"template":"","format":"standard","meta":{"footnotes":""},"categories":[3,6],"tags":[],"_links":{"self":[{"href":"https:\/\/www.merionline.com.br\/noticias\/wp-json\/wp\/v2\/posts\/886"}],"collection":[{"href":"https:\/\/www.merionline.com.br\/noticias\/wp-json\/wp\/v2\/posts"}],"about":[{"href":"https:\/\/www.merionline.com.br\/noticias\/wp-json\/wp\/v2\/types\/post"}],"author":[{"embeddable":true,"href":"https:\/\/www.merionline.com.br\/noticias\/wp-json\/wp\/v2\/users\/1"}],"replies":[{"embeddable":true,"href":"https:\/\/www.merionline.com.br\/noticias\/wp-json\/wp\/v2\/comments?post=886"}],"version-history":[{"count":3,"href":"https:\/\/www.merionline.com.br\/noticias\/wp-json\/wp\/v2\/posts\/886\/revisions"}],"predecessor-version":[{"id":916,"href":"https:\/\/www.merionline.com.br\/noticias\/wp-json\/wp\/v2\/posts\/886\/revisions\/916"}],"wp:featuredmedia":[{"embeddable":true,"href":"https:\/\/www.merionline.com.br\/noticias\/wp-json\/wp\/v2\/media\/887"}],"wp:attachment":[{"href":"https:\/\/www.merionline.com.br\/noticias\/wp-json\/wp\/v2\/media?parent=886"}],"wp:term":[{"taxonomy":"category","embeddable":true,"href":"https:\/\/www.merionline.com.br\/noticias\/wp-json\/wp\/v2\/categories?post=886"},{"taxonomy":"post_tag","embeddable":true,"href":"https:\/\/www.merionline.com.br\/noticias\/wp-json\/wp\/v2\/tags?post=886"}],"curies":[{"name":"wp","href":"https:\/\/api.w.org\/{rel}","templated":true}]}}