{"id":901,"date":"2020-03-16T16:45:20","date_gmt":"2020-03-16T19:45:20","guid":{"rendered":"http:\/\/www.merionline.com.br\/noticias\/?p=901"},"modified":"2020-03-18T10:27:24","modified_gmt":"2020-03-18T13:27:24","slug":"video-secretaria-da-saude-de-meridiano-emite-nota-sobre-atendimento-na-ubs-2","status":"publish","type":"post","link":"https:\/\/www.merionline.com.br\/noticias\/video-secretaria-da-saude-de-meridiano-emite-nota-sobre-atendimento-na-ubs-2\/","title":{"rendered":"V\u00eddeo: Secretaria da Sa\u00fade de Meridiano emite nota sobre atendimento na UBS"},"content":{"rendered":"<p>O secret\u00e1rio da Sa\u00fade de Meridiano, emitiu uma nota de esclarecimentos para popula\u00e7\u00e3o. Alex Garcia (secret\u00e1rio), recomendou em nota hoje de manh\u00e3 (16), para popula\u00e7\u00e3o procurar a UBS (Unidade B\u00e1sica de Sa\u00fade) somente em casos de emergenciais, segundo o secret\u00e1rio, o momento \u00e9 de muita cautela, &#8220;<em>Vamos evitar aglomera\u00e7\u00f5es, e somente procurar o posto de sa\u00fade em casos que realmente necessitem, afirmou Alex<\/em>&#8220;.<\/p>\n<p><img loading=\"lazy\" decoding=\"async\" class=\"aligncenter wp-image-914 size-full\" src=\"https:\/\/www.merionline.com.br\/noticias\/wp-content\/uploads\/2020\/03\/WhatsApp-Image-2020-03-17-at-18.39.59-3.jpeg\" alt=\"\" width=\"474\" height=\"381\" srcset=\"https:\/\/www.merionline.com.br\/noticias\/wp-content\/uploads\/2020\/03\/WhatsApp-Image-2020-03-17-at-18.39.59-3.jpeg 474w, https:\/\/www.merionline.com.br\/noticias\/wp-content\/uploads\/2020\/03\/WhatsApp-Image-2020-03-17-at-18.39.59-3-300x241.jpeg 300w\" sizes=\"(max-width: 474px) 100vw, 474px\" \/><\/p>\n<p><strong>Moradores que estavam fora do Pa\u00eds<\/strong><\/p>\n<p>Um casal de Meridiano que estava fora do Pa\u00eds, v\u00e3o ser monitorados de acordo com os protocolos vigentes, o casal j\u00e1 chegou na cidade e deve passar ainda hoje pelo monitoramento.<\/p>\n<p>Um outro morador que tamb\u00e9m est\u00e1 fora do Pa\u00eds, dever\u00e1 chegar de viagem est\u00e1 semana, que tamb\u00e9m ser\u00e1 monitorado.<\/p>\n<p>V\u00eddeo da nota logo abaixo:<\/p>\n<p><iframe loading=\"lazy\" src=\"https:\/\/www.youtube.com\/embed\/bsK5zvH5RBg\" width=\"560\" height=\"315\" frameborder=\"0\" allowfullscreen=\"allowfullscreen\"><\/iframe><\/p>\n<p>&nbsp;<\/p>\n","protected":false},"excerpt":{"rendered":"<p>O secret\u00e1rio da Sa\u00fade de Meridiano, emitiu uma nota de esclarecimentos para popula\u00e7\u00e3o. Alex Garcia (secret\u00e1rio), recomendou em nota hoje de manh\u00e3 (16), para popula\u00e7\u00e3o procurar a UBS (Unidade B\u00e1sica de Sa\u00fade) somente em casos de emergenciais, segundo o secret\u00e1rio, o momento \u00e9 de muita cautela, &#8220;Vamos evitar aglomera\u00e7\u00f5es, e somente procurar o posto de [&hellip;]<\/p>\n","protected":false},"author":1,"featured_media":897,"comment_status":"open","ping_status":"open","sticky":false,"template":"","format":"standard","meta":{"footnotes":""},"categories":[3,6],"tags":[],"_links":{"self":[{"href":"https:\/\/www.merionline.com.br\/noticias\/wp-json\/wp\/v2\/posts\/901"}],"collection":[{"href":"https:\/\/www.merionline.com.br\/noticias\/wp-json\/wp\/v2\/posts"}],"about":[{"href":"https:\/\/www.merionline.com.br\/noticias\/wp-json\/wp\/v2\/types\/post"}],"author":[{"embeddable":true,"href":"https:\/\/www.merionline.com.br\/noticias\/wp-json\/wp\/v2\/users\/1"}],"replies":[{"embeddable":true,"href":"https:\/\/www.merionline.com.br\/noticias\/wp-json\/wp\/v2\/comments?post=901"}],"version-history":[{"count":3,"href":"https:\/\/www.merionline.com.br\/noticias\/wp-json\/wp\/v2\/posts\/901\/revisions"}],"predecessor-version":[{"id":915,"href":"https:\/\/www.merionline.com.br\/noticias\/wp-json\/wp\/v2\/posts\/901\/revisions\/915"}],"wp:featuredmedia":[{"embeddable":true,"href":"https:\/\/www.merionline.com.br\/noticias\/wp-json\/wp\/v2\/media\/897"}],"wp:attachment":[{"href":"https:\/\/www.merionline.com.br\/noticias\/wp-json\/wp\/v2\/media?parent=901"}],"wp:term":[{"taxonomy":"category","embeddable":true,"href":"https:\/\/www.merionline.com.br\/noticias\/wp-json\/wp\/v2\/categories?post=901"},{"taxonomy":"post_tag","embeddable":true,"href":"https:\/\/www.merionline.com.br\/noticias\/wp-json\/wp\/v2\/tags?post=901"}],"curies":[{"name":"wp","href":"https:\/\/api.w.org\/{rel}","templated":true}]}}