{"id":920,"date":"2020-03-18T11:43:15","date_gmt":"2020-03-18T14:43:15","guid":{"rendered":"http:\/\/www.merionline.com.br\/noticias\/?p=920"},"modified":"2020-03-19T14:36:15","modified_gmt":"2020-03-19T17:36:15","slug":"ex-prefeito-irceu-fagundes-deixa-seu-partido-psd-e-filia-ao-psdb","status":"publish","type":"post","link":"https:\/\/www.merionline.com.br\/noticias\/ex-prefeito-irceu-fagundes-deixa-seu-partido-psd-e-filia-ao-psdb\/","title":{"rendered":"Ex-Prefeito Irceu Fagundes deixa seu partido PSD e se filia ao PSDB"},"content":{"rendered":"<p>Irceu Fagundes, ex-prefeito de Meridiano, deixou seu antigo partido (PSD) e foi para o PSDB. Irceu que j\u00e1 foi prefeito pelo antigo PMDB em 1983 e depois em 1993 , aceitou o convite para se filiar ao PSDB.<\/p>\n<p>Atualmente, Irceu Fagundes, exerce o cargo de vereador, estava como suplente e tomou posse ap\u00f3s ren\u00fancia do vereador Marciano. Com pouco tempo de casa, Irceu j\u00e1 enviou v\u00e1rias indica\u00e7\u00f5es para o chefe do executivo, entre as indica\u00e7\u00f5es, pediu a instala\u00e7\u00e3o de um redutor de ar nos rel\u00f3gios de \u00e1gua da Sabesp, para uma poss\u00edvel redu\u00e7\u00e3o de valor na conta da popula\u00e7\u00e3o.<\/p>\n<p>&#8220;<em>Estou a disposi\u00e7\u00e3o do partido para disputar qualquer cargo, seja para prefeito ou vereador<\/em>&#8220;, destacou Irceu.<\/p>\n<hr \/>\n<figure id=\"attachment_914\" aria-describedby=\"caption-attachment-914\" style=\"width: 474px\" class=\"wp-caption aligncenter\"><img loading=\"lazy\" decoding=\"async\" class=\"wp-image-914 size-full\" src=\"https:\/\/www.merionline.com.br\/noticias\/wp-content\/uploads\/2020\/03\/WhatsApp-Image-2020-03-17-at-18.39.59-3.jpeg\" alt=\"\" width=\"474\" height=\"381\" srcset=\"https:\/\/www.merionline.com.br\/noticias\/wp-content\/uploads\/2020\/03\/WhatsApp-Image-2020-03-17-at-18.39.59-3.jpeg 474w, https:\/\/www.merionline.com.br\/noticias\/wp-content\/uploads\/2020\/03\/WhatsApp-Image-2020-03-17-at-18.39.59-3-300x241.jpeg 300w\" sizes=\"(max-width: 474px) 100vw, 474px\" \/><figcaption id=\"caption-attachment-914\" class=\"wp-caption-text\">PUBLICIDADE &#8211; ANUNCIE AQUI<\/figcaption><\/figure>\n","protected":false},"excerpt":{"rendered":"<p>Irceu Fagundes, ex-prefeito de Meridiano, deixou seu antigo partido (PSD) e foi para o PSDB. Irceu que j\u00e1 foi prefeito pelo antigo PMDB em 1983 e depois em 1993 , aceitou o convite para se filiar ao PSDB. Atualmente, Irceu Fagundes, exerce o cargo de vereador, estava como suplente e tomou posse ap\u00f3s ren\u00fancia do [&hellip;]<\/p>\n","protected":false},"author":1,"featured_media":921,"comment_status":"open","ping_status":"open","sticky":false,"template":"","format":"standard","meta":{"footnotes":""},"categories":[3,6],"tags":[],"_links":{"self":[{"href":"https:\/\/www.merionline.com.br\/noticias\/wp-json\/wp\/v2\/posts\/920"}],"collection":[{"href":"https:\/\/www.merionline.com.br\/noticias\/wp-json\/wp\/v2\/posts"}],"about":[{"href":"https:\/\/www.merionline.com.br\/noticias\/wp-json\/wp\/v2\/types\/post"}],"author":[{"embeddable":true,"href":"https:\/\/www.merionline.com.br\/noticias\/wp-json\/wp\/v2\/users\/1"}],"replies":[{"embeddable":true,"href":"https:\/\/www.merionline.com.br\/noticias\/wp-json\/wp\/v2\/comments?post=920"}],"version-history":[{"count":12,"href":"https:\/\/www.merionline.com.br\/noticias\/wp-json\/wp\/v2\/posts\/920\/revisions"}],"predecessor-version":[{"id":950,"href":"https:\/\/www.merionline.com.br\/noticias\/wp-json\/wp\/v2\/posts\/920\/revisions\/950"}],"wp:featuredmedia":[{"embeddable":true,"href":"https:\/\/www.merionline.com.br\/noticias\/wp-json\/wp\/v2\/media\/921"}],"wp:attachment":[{"href":"https:\/\/www.merionline.com.br\/noticias\/wp-json\/wp\/v2\/media?parent=920"}],"wp:term":[{"taxonomy":"category","embeddable":true,"href":"https:\/\/www.merionline.com.br\/noticias\/wp-json\/wp\/v2\/categories?post=920"},{"taxonomy":"post_tag","embeddable":true,"href":"https:\/\/www.merionline.com.br\/noticias\/wp-json\/wp\/v2\/tags?post=920"}],"curies":[{"name":"wp","href":"https:\/\/api.w.org\/{rel}","templated":true}]}}