{"id":94,"date":"2013-11-08T11:32:39","date_gmt":"2013-11-08T13:32:39","guid":{"rendered":"http:\/\/www.merionline.com.br\/noticias\/?p=94"},"modified":"2013-11-08T11:35:02","modified_gmt":"2013-11-08T13:35:02","slug":"morador-de-meridiano-e-inocentado-apos-denuncias","status":"publish","type":"post","link":"https:\/\/www.merionline.com.br\/noticias\/morador-de-meridiano-e-inocentado-apos-denuncias\/","title":{"rendered":"Morador de Meridiano \u00e9 inocentado ap\u00f3s den\u00fancias"},"content":{"rendered":"<p><b>AGRADECIMENTOS DE<\/b>\u00a0(Valdenice Morandini Martins)<\/p>\n<p>Depois de sete meses em que minha fam\u00edlia sofreu um golpe muito duro, mais especificamente o dia 03\/04\/2013, venho agradecer a todas as pessoas que se mostraram amigas e que rezaram para que tudo fosse esclarecido rapidamente.<\/p>\n<p>Foram dias angustiantes esperando uma resposta que j\u00e1 sab\u00edamos qual seria, mas mesmo assim era dif\u00edcil esperar, ouvir coment\u00e1rios maldosos e conviver com o olhar desconfiado das pessoas. O que nos manteve firmes foi a f\u00e9 em Deus, e em Nossa Senhora e as ora\u00e7\u00f5es constantes de pessoas capazes de viver o Evangelho como deve ser vivido.<\/p>\n<p>Ali\u00e1s, o Evangelho nos diz coisas s\u00e1bias:<b>\u00a0<\/b><\/p>\n<p><b>\u201cRa\u00e7a de cobras venenosas! Se voc\u00eas s\u00e3o maus, como podem dizer coisas boas? <span style=\"text-decoration: underline;\">Pois a boca fala aquilo de que o cora\u00e7\u00e3o est\u00e1 cheio<\/span>. O homem bom tira coisas boas do seu tesouro, e o homem mau tira coisas m\u00e1s do seu mau tesouro. Eu digo a voc\u00eas: no dia do julgamento, todos devem prestar contas de cada palavra in\u00fatil que tiverem falado.\u201d ( Mateus:\u00a0 12, 34-36 ).<\/b><b>\u00a0<\/b><\/p>\n<p><b>\u201cN\u00e3o julguem, e voc\u00eas n\u00e3o ser\u00e3o julgados. De fato, voc\u00eas ser\u00e3o julgados com o mesmo julgamento com que voc\u00eas julgarem, e ser\u00e3o medidos com a mesma medida com que voc\u00eas medirem. <\/b><\/p>\n<p><b>Por que voc\u00ea fica olhando o cisco no olho do teu irm\u00e3o, e n\u00e3o presta aten\u00e7\u00e3o \u00e0 trave que est\u00e1 no seu pr\u00f3prio olho\u201d?<\/b><\/p>\n<p><b>( Mateus: 7, 1-3 ).<\/b><b>\u00a0<\/b><\/p>\n<p><b>\u00a0\u00a0\u00a0\u00a0\u00a0\u00a0\u00a0\u00a0\u00a0\u00a0\u00a0 \u201cDeus \u00e9 t\u00e3o generoso que te d\u00e1 a liberdade de plantar o que voc\u00ea quiser&#8230;. Mas Ele \u00e9 t\u00e3o justo que voc\u00ea colhe exatamente o que plantou\u201d.<\/b><\/p>\n<p><b>( G\u00e1latas, 6 ).<\/b><b>\u00a0<\/b><\/p>\n<p>Enfim, termino com uma frase que resume tudo: <b>\u201cN\u00e3o h\u00e1 necessidade de consultar um psic\u00f3logo para saber que quando voc\u00ea denigre o outro \u00e9 porque voc\u00ea mesmo n\u00e3o consegue crescer e precisa que o outro seja rebaixado para voc\u00ea se sentir algu\u00e9m\u201d. (Papa Francisco, na Jornada Mundial da Juventude \u2013 julho de 2013).<\/b><b>\u00a0<\/b><\/p>\n<p>Mais uma vez agrade\u00e7o as ora\u00e7\u00f5es e que Deus os aben\u00e7oe. Aos que torceram contra, que Deus os aben\u00e7oe tamb\u00e9m, se Ele achar que \u00e9 certo faz\u00ea-lo.<\/p>\n<p align=\"right\">Valdenice Morandini Martins<b><\/b><\/p>\n","protected":false},"excerpt":{"rendered":"<p>AGRADECIMENTOS DE\u00a0(Valdenice Morandini Martins) Depois de sete meses em que minha fam\u00edlia sofreu um golpe muito duro, mais especificamente o dia 03\/04\/2013, venho agradecer a todas as pessoas que se mostraram amigas e que rezaram para que tudo fosse esclarecido rapidamente. Foram dias angustiantes esperando uma resposta que j\u00e1 sab\u00edamos qual seria, mas mesmo assim [&hellip;]<\/p>\n","protected":false},"author":1,"featured_media":95,"comment_status":"open","ping_status":"open","sticky":false,"template":"","format":"standard","meta":{"footnotes":""},"categories":[3],"tags":[],"_links":{"self":[{"href":"https:\/\/www.merionline.com.br\/noticias\/wp-json\/wp\/v2\/posts\/94"}],"collection":[{"href":"https:\/\/www.merionline.com.br\/noticias\/wp-json\/wp\/v2\/posts"}],"about":[{"href":"https:\/\/www.merionline.com.br\/noticias\/wp-json\/wp\/v2\/types\/post"}],"author":[{"embeddable":true,"href":"https:\/\/www.merionline.com.br\/noticias\/wp-json\/wp\/v2\/users\/1"}],"replies":[{"embeddable":true,"href":"https:\/\/www.merionline.com.br\/noticias\/wp-json\/wp\/v2\/comments?post=94"}],"version-history":[{"count":2,"href":"https:\/\/www.merionline.com.br\/noticias\/wp-json\/wp\/v2\/posts\/94\/revisions"}],"predecessor-version":[{"id":97,"href":"https:\/\/www.merionline.com.br\/noticias\/wp-json\/wp\/v2\/posts\/94\/revisions\/97"}],"wp:featuredmedia":[{"embeddable":true,"href":"https:\/\/www.merionline.com.br\/noticias\/wp-json\/wp\/v2\/media\/95"}],"wp:attachment":[{"href":"https:\/\/www.merionline.com.br\/noticias\/wp-json\/wp\/v2\/media?parent=94"}],"wp:term":[{"taxonomy":"category","embeddable":true,"href":"https:\/\/www.merionline.com.br\/noticias\/wp-json\/wp\/v2\/categories?post=94"},{"taxonomy":"post_tag","embeddable":true,"href":"https:\/\/www.merionline.com.br\/noticias\/wp-json\/wp\/v2\/tags?post=94"}],"curies":[{"name":"wp","href":"https:\/\/api.w.org\/{rel}","templated":true}]}}