{"id":957,"date":"2020-03-21T14:22:36","date_gmt":"2020-03-21T17:22:36","guid":{"rendered":"http:\/\/www.merionline.com.br\/noticias\/?p=957"},"modified":"2020-03-21T14:52:58","modified_gmt":"2020-03-21T17:52:58","slug":"doria-decreta-quarentena-no-estado-de-sp-ate-o-dia-7-de-abril-para-impedir-avanco-do-coronavirus","status":"publish","type":"post","link":"https:\/\/www.merionline.com.br\/noticias\/doria-decreta-quarentena-no-estado-de-sp-ate-o-dia-7-de-abril-para-impedir-avanco-do-coronavirus\/","title":{"rendered":"Doria decreta quarentena no estado de SP at\u00e9 o dia 7 de abril para impedir avan\u00e7o do coronav\u00edrus"},"content":{"rendered":"<div class=\"mc-column content-text active-extra-styles \" data-block-type=\"unstyled\" data-block-weight=\"71\" data-block-id=\"2\">\n<p class=\"content-text__container \" data-track-category=\"Link no Texto\" data-track-links=\"\">O governador Jo\u00e3o Doria (PSDB) afirmou na tarde deste s\u00e1bado (21) que ir\u00e1 determinar quarentena, pelo per\u00edodo de 15 dias, a partir da pr\u00f3xima ter\u00e7a-feira (24) at\u00e9 o dia 7 de abril, para os 645 munic\u00edpios do estado de S\u00e3o Paulo. A medida vai restringir o funcionamento do com\u00e9rcio e manter apenas os servi\u00e7os essenciais, como na \u00e1rea de Sa\u00fade. A publica\u00e7\u00e3o do decreto ser\u00e1 feito no Di\u00e1rio Oficial do estado.<\/p>\n<p data-track-category=\"Link no Texto\" data-track-links=\"\">\n<\/div>\n<div class=\"wall protected-content\">\n<div class=\"mc-column content-text active-extra-styles \" data-block-type=\"unstyled\" data-block-weight=\"38\" data-block-id=\"3\">\n<p class=\"content-text__container \" data-track-category=\"Link no Texto\" data-track-links=\"\">O estado de S\u00e3o Paulo registra 15 mortes de pessoas infectadas pelo coronav\u00edrus, 396 casos confirmados e 34 pacientes internados em UTIs em tratamento. Todas as mortes foram confirmadas na capital paulista. S\u00e3o 9 mil casos suspeitos.<\/p>\n<\/div>\n<div class=\"mc-column content-text active-extra-styles \" data-block-type=\"unstyled\" data-block-weight=\"3\" data-block-id=\"4\">\n<div class=\"mc-column content-text active-extra-styles \" data-block-type=\"unstyled\" data-block-weight=\"3\" data-block-id=\"4\">\n<p class=\"content-text__container \" data-track-category=\"Link no Texto\" data-track-links=\"\"><strong>Poder\u00e3o continuar funcionando<br \/>\n<\/strong><\/p>\n<\/div>\n<div class=\"mc-column content-text active-extra-styles\" data-block-type=\"raw\" data-block-weight=\"26\" data-block-id=\"5\">\n<ul class=\"content-unordered-list\">\n<li>Hospitais, cl\u00ednicas, farm\u00e1cias e cl\u00ednicas odontol\u00f3gicas<\/li>\n<li>Transporte p\u00fablico<\/li>\n<li>Transportadoras e armaz\u00e9ns<\/li>\n<li>Empresas de telemarketing<\/li>\n<li>Pet shop<\/li>\n<li>deliverys<\/li>\n<li>supermercados, mercados e padarias<\/li>\n<li>limpeza p\u00fablica<\/li>\n<li>postos de combust\u00edvel<\/li>\n<\/ul>\n<\/div>\n<div class=\"mc-column content-text active-extra-styles \" data-block-type=\"unstyled\" data-block-weight=\"5\" data-block-id=\"6\">\n<p class=\"content-text__container \" data-track-category=\"Link no Texto\" data-track-links=\"\"><strong>Ter\u00e3o de fechar as portas<\/strong><\/p>\n<\/div>\n<div class=\"mc-column content-text active-extra-styles\" data-block-type=\"raw\" data-block-weight=\"3\" data-block-id=\"7\">\n<ul class=\"content-unordered-list\">\n<li>Bares<\/li>\n<li>Restaurantes<\/li>\n<li>Caf\u00e9s<\/li>\n<\/ul>\n<\/div>\n<\/div>\n<div class=\"mc-column content-text active-extra-styles \" data-block-type=\"unstyled\" data-block-weight=\"126\" data-block-id=\"8\">\n<p class=\"content-text__container \" data-track-category=\"Link no Texto\" data-track-links=\"\">\u201cA partir da pr\u00f3xima ter\u00e7a-feira, 24 de abril, n\u00f3s decretamos quarentena aos 645 munic\u00edpios do estado de S\u00e3o Paulo por 15 dias, a partir do dia 24 de mar\u00e7o at\u00e9 o dia 7 de abril. Isso implica na determina\u00e7\u00e3o, na obriga\u00e7\u00e3o, do fechamento de todo o com\u00e9rcio e servi\u00e7os n\u00e3o essenciais \u00e0 popula\u00e7\u00e3o em todo o estado de S\u00e3o Paulo pelo per\u00edodo de 15 dias, come\u00e7ando no dia 24 de mar\u00e7o, ter\u00e7a-feira, at\u00e9 o dia 7 de abril.<\/p>\n<p class=\"content-text__container \" data-track-category=\"Link no Texto\" data-track-links=\"\">Esta medida poder\u00e1 ser renovada, estendida ou suprimida se houver necessidade, mas ela faz parte das informa\u00e7\u00f5es que n\u00f3s temos embasadas da Secretaria de Sa\u00fade e do Centro de Controle do Covid-19\u201d, afirmou Doria durante coletiva de imprensa no Pal\u00e1cio dos Bandeirantes, na Zona Sul de S\u00e3o Paulo.<\/p>\n<\/div>\n<div class=\"content-ads content-ads--reveal\" data-block-type=\"ads\" data-block-id=\"9\"><\/div>\n<div class=\"mc-column content-text active-extra-styles \" data-block-type=\"unstyled\" data-block-weight=\"14\" data-block-id=\"10\">\n<p class=\"content-text__container \" data-track-category=\"Link no Texto\" data-track-links=\"\">Os hospitais, cl\u00ednicas, farm\u00e1cias e cl\u00ednicas odontol\u00f3gicas, p\u00fablicas ou privadas, ter\u00e3o o funcionamento normal.<\/p>\n<p data-track-category=\"Link no Texto\" data-track-links=\"\">\n<\/div>\n<div class=\"mc-column content-text active-extra-styles \" data-block-type=\"unstyled\" data-block-weight=\"53\" data-block-id=\"11\">\n<p class=\"content-text__container \" data-track-category=\"Link no Texto\" data-track-links=\"\">As transportadoras, armaz\u00e9ns, servi\u00e7os de transporte p\u00fablico, servi\u00e7os de call center, pet shop continuam funcionando com as orienta\u00e7\u00f5es dos sanitaristas. O servi\u00e7o de Seguran\u00e7a P\u00fablica, tanto estadual, quanto municipais, continuam funcionando normalmente. Os bancos e lot\u00e9ricas tamb\u00e9m continuam abertos. As ind\u00fastrias devem continuam operando, j\u00e1 que n\u00e3o t\u00eam atendimento ao p\u00fablico em geral.<\/p>\n<p data-track-category=\"Link no Texto\" data-track-links=\"\">\n<\/div>\n<div class=\"mc-column content-text active-extra-styles \" data-block-type=\"unstyled\" data-block-weight=\"86\" data-block-id=\"12\">\n<p class=\"content-text__container \" data-track-category=\"Link no Texto\" data-track-links=\"\">&#8220;Quero esclarecer tamb\u00e9m que os servi\u00e7os essenciais nas \u00e1reas de sa\u00fade p\u00fablica, alimenta\u00e7\u00e3o, abastecimento, seguran\u00e7a e limpeza dever\u00e3o seguir funcionando&#8221;, ressaltou o governador. &#8220;Todo o sistema de seguran\u00e7a p\u00fablica e seguran\u00e7a privada continuam a operar normalmente. Por \u00f3bvio, nos seus munic\u00edpios, as guardas municipais, no \u00e2mbito do estado: pol\u00edcia militar, pol\u00edcia civil, corpo de bombeiros, sistema prisional, pol\u00edcia cient\u00edfica, todo o funcionamento regular. E, voc\u00eas j\u00e1 sabem, n\u00f3s j\u00e1 suspendemos f\u00e9rias e licen\u00e7as, para que este setor essencial, no momento de dificuldade, siga funcionando regularmente&#8221;, disse.<\/p>\n<p data-track-category=\"Link no Texto\" data-track-links=\"\">\n<\/div>\n<div class=\"mc-column content-text active-extra-styles \" data-block-type=\"unstyled\" data-block-weight=\"63\" data-block-id=\"13\">\n<p class=\"content-text__container \" data-track-category=\"Link no Texto\" data-track-links=\"\">J\u00e1 os bares e restaurantes devem fechar e s\u00f3 poder\u00e3o atender delivery. A medida tamb\u00e9m afeta as padarias de todo o estado. &#8220;As a\u00e7\u00f5es de bares, restaurantes, similares, assim como a parte de alimenta\u00e7\u00e3o preparada das padarias sofrer\u00e3o neste per\u00edodo de coronav\u00edrus, obviamente, uma transforma\u00e7\u00e3o. O uso de delivery \u00e9 uma forma criativa de seguirem funcionando e manterem os empregos de seus profissionais.&#8221;<\/p>\n<p data-track-category=\"Link no Texto\" data-track-links=\"\">\n<\/div>\n<div class=\"mc-column content-text active-extra-styles \" data-block-type=\"unstyled\" data-block-weight=\"31\" data-block-id=\"14\">\n<p class=\"content-text__container \" data-track-category=\"Link no Texto\" data-track-links=\"\">De acordo com o prefeito de S\u00e3o Paulo, Bruno Covas (PSDB), na ter\u00e7a (24) ser\u00e1 publicado um decreto municipal para orientar os fiscais como devem agir na fiscaliza\u00e7\u00e3o dos estabelecimentos.<\/p>\n<\/div>\n<div class=\"mc-column content-text active-extra-styles \" data-block-type=\"unstyled\" data-block-weight=\"25\" data-block-id=\"15\">\n<p class=\"content-text__container \" data-track-category=\"Link no Texto\" data-track-links=\"\">Doria afirmou que ir\u00e1 usar a For\u00e7a Policial, caso necess\u00e1rio, para evitar a aglomera\u00e7\u00e3o de pessoas. \u201cVamos adotar medidas policiais para evitar bailes funks\u201d, declarou.<\/p>\n<\/div>\n<\/div>\n","protected":false},"excerpt":{"rendered":"<p>O governador Jo\u00e3o Doria (PSDB) afirmou na tarde deste s\u00e1bado (21) que ir\u00e1 determinar quarentena, pelo per\u00edodo de 15 dias, a partir da pr\u00f3xima ter\u00e7a-feira (24) at\u00e9 o dia 7 de abril, para os 645 munic\u00edpios do estado de S\u00e3o Paulo. A medida vai restringir o funcionamento do com\u00e9rcio e manter apenas os servi\u00e7os essenciais, [&hellip;]<\/p>\n","protected":false},"author":1,"featured_media":958,"comment_status":"open","ping_status":"open","sticky":false,"template":"","format":"standard","meta":{"footnotes":""},"categories":[6,13],"tags":[],"_links":{"self":[{"href":"https:\/\/www.merionline.com.br\/noticias\/wp-json\/wp\/v2\/posts\/957"}],"collection":[{"href":"https:\/\/www.merionline.com.br\/noticias\/wp-json\/wp\/v2\/posts"}],"about":[{"href":"https:\/\/www.merionline.com.br\/noticias\/wp-json\/wp\/v2\/types\/post"}],"author":[{"embeddable":true,"href":"https:\/\/www.merionline.com.br\/noticias\/wp-json\/wp\/v2\/users\/1"}],"replies":[{"embeddable":true,"href":"https:\/\/www.merionline.com.br\/noticias\/wp-json\/wp\/v2\/comments?post=957"}],"version-history":[{"count":3,"href":"https:\/\/www.merionline.com.br\/noticias\/wp-json\/wp\/v2\/posts\/957\/revisions"}],"predecessor-version":[{"id":961,"href":"https:\/\/www.merionline.com.br\/noticias\/wp-json\/wp\/v2\/posts\/957\/revisions\/961"}],"wp:featuredmedia":[{"embeddable":true,"href":"https:\/\/www.merionline.com.br\/noticias\/wp-json\/wp\/v2\/media\/958"}],"wp:attachment":[{"href":"https:\/\/www.merionline.com.br\/noticias\/wp-json\/wp\/v2\/media?parent=957"}],"wp:term":[{"taxonomy":"category","embeddable":true,"href":"https:\/\/www.merionline.com.br\/noticias\/wp-json\/wp\/v2\/categories?post=957"},{"taxonomy":"post_tag","embeddable":true,"href":"https:\/\/www.merionline.com.br\/noticias\/wp-json\/wp\/v2\/tags?post=957"}],"curies":[{"name":"wp","href":"https:\/\/api.w.org\/{rel}","templated":true}]}}