{"id":962,"date":"2020-03-21T15:46:01","date_gmt":"2020-03-21T18:46:01","guid":{"rendered":"http:\/\/www.merionline.com.br\/noticias\/?p=962"},"modified":"2020-03-21T16:04:09","modified_gmt":"2020-03-21T19:04:09","slug":"crivella-vai-pedir-ajuda-do-exercito-para-abordar-pedestres-no-isolamento-do-coronavirus","status":"publish","type":"post","link":"https:\/\/www.merionline.com.br\/noticias\/crivella-vai-pedir-ajuda-do-exercito-para-abordar-pedestres-no-isolamento-do-coronavirus\/","title":{"rendered":"Crivella vai pedir ajuda do Ex\u00e9rcito para abordar pedestres no isolamento do coronav\u00edrus"},"content":{"rendered":"<div class=\"mc-column content-text active-extra-styles \" data-block-type=\"unstyled\" data-block-weight=\"27\" data-block-id=\"2\">\n<p class=\"content-text__container \" data-track-category=\"Link no Texto\" data-track-links=\"\">A Prefeitura do Rio informou neste s\u00e1bado (21) que vai solicitar ao Minist\u00e9rio da Defesa um efetivo para abordar pessoas que estiverem na rua sem necessidade.<\/p>\n<p data-track-category=\"Link no Texto\" data-track-links=\"\">\n<\/div>\n<div class=\"wall protected-content\">\n<div class=\"mc-column content-text active-extra-styles \" data-block-type=\"unstyled\" data-block-weight=\"40\" data-block-id=\"3\">\n<p class=\"content-text__container \" data-track-category=\"Link no Texto\" data-track-links=\"\">&#8220;Pedimos pra\u00e7as e soldados para circular na Zona Sul e abordar idosos que estejam circulando. \u00c9 para dizer da solicita\u00e7\u00e3o de se preservarem em casa&#8221;, afirmou. &#8220;Vamos pedir que o Ex\u00e9rcito coloque em cada quarteir\u00e3o um ou dois soldados&#8221;, diz.<\/p>\n<\/div>\n<div class=\"mc-column content-text active-extra-styles\" data-block-type=\"raw\" data-block-weight=\"24\" data-block-id=\"4\">\n<blockquote class=\"content-blockquote theme-border-color-primary-before\"><p>&#8220;Na Barra da Tijuca e na Zona Sul, precisamos diminuir a exposi\u00e7\u00e3o dessas pessoas. Vamos pedir para que voltem para casa ou sejam breves.&#8221;<\/p><\/blockquote>\n<\/div>\n<div class=\"mc-column content-text active-extra-styles\" data-block-type=\"raw\" data-block-weight=\"6\" data-block-id=\"5\">\n<div class=\"content-intertitle\">\n<h2>Mercados 24 horas e com delivery<\/h2>\n<\/div>\n<\/div>\n<div class=\"mc-column content-text active-extra-styles \" data-block-type=\"unstyled\" data-block-weight=\"35\" data-block-id=\"6\">\n<p class=\"content-text__container \" data-track-category=\"Link no Texto\" data-track-links=\"\">A Prefeitura do Rio tamb\u00e9m vai pedir a todos os supermercados da cidade que ofere\u00e7am servi\u00e7o de entrega em casa. Em uma coletiva, o prefeito Marcelo Crivella solicitou que os estabelecimentos priorizem idosos nos deliveries.<\/p>\n<p data-track-category=\"Link no Texto\" data-track-links=\"\">\n<\/div>\n<div class=\"mc-column content-text active-extra-styles \" data-block-type=\"unstyled\" data-block-weight=\"40\" data-block-id=\"7\">\n<p class=\"content-text__container \" data-track-category=\"Link no Texto\" data-track-links=\"\">\u201cN\u00f3s tamb\u00e9m pedimos aos supermercados que, se desejarem, podem trabalhar 24 horas. Hoje [s\u00e1bado] havia filas enormes de autom\u00f3veis para estacionar e ir aos supermercados. \u00c9 muito importante que n\u00e3o fa\u00e7amos aglomera\u00e7\u00f5es em lugar nenhum, inclusive nos mercados\u201d, disse Crivella.<\/p>\n<p data-track-category=\"Link no Texto\" data-track-links=\"\">\n<\/div>\n<div class=\"mc-column content-text active-extra-styles \" data-block-type=\"unstyled\" data-block-weight=\"12\" data-block-id=\"8\">\n<p class=\"content-text__container \" data-track-category=\"Link no Texto\" data-track-links=\"\">Segundo o prefeito, a entrega deve ser feita em at\u00e9 48 horas.<\/p>\n<\/div>\n<div class=\"mc-column content-text active-extra-styles \" data-block-type=\"unstyled\" data-block-weight=\"29\" data-block-id=\"9\">\n<p class=\"content-text__container \" data-track-category=\"Link no Texto\" data-track-links=\"\">Crivella anunciou ainda a abertura, das 17h \u00e0s 20h, de restaurantes populares, para o jantar a partir de quarta-feira (25). A rede j\u00e1 oferece caf\u00e9 da manh\u00e3 e almo\u00e7o.<\/p>\n<\/div>\n<\/div>\n","protected":false},"excerpt":{"rendered":"<p>A Prefeitura do Rio informou neste s\u00e1bado (21) que vai solicitar ao Minist\u00e9rio da Defesa um efetivo para abordar pessoas que estiverem na rua sem necessidade. &#8220;Pedimos pra\u00e7as e soldados para circular na Zona Sul e abordar idosos que estejam circulando. \u00c9 para dizer da solicita\u00e7\u00e3o de se preservarem em casa&#8221;, afirmou. &#8220;Vamos pedir que [&hellip;]<\/p>\n","protected":false},"author":1,"featured_media":963,"comment_status":"open","ping_status":"open","sticky":false,"template":"","format":"standard","meta":{"footnotes":""},"categories":[4],"tags":[],"_links":{"self":[{"href":"https:\/\/www.merionline.com.br\/noticias\/wp-json\/wp\/v2\/posts\/962"}],"collection":[{"href":"https:\/\/www.merionline.com.br\/noticias\/wp-json\/wp\/v2\/posts"}],"about":[{"href":"https:\/\/www.merionline.com.br\/noticias\/wp-json\/wp\/v2\/types\/post"}],"author":[{"embeddable":true,"href":"https:\/\/www.merionline.com.br\/noticias\/wp-json\/wp\/v2\/users\/1"}],"replies":[{"embeddable":true,"href":"https:\/\/www.merionline.com.br\/noticias\/wp-json\/wp\/v2\/comments?post=962"}],"version-history":[{"count":1,"href":"https:\/\/www.merionline.com.br\/noticias\/wp-json\/wp\/v2\/posts\/962\/revisions"}],"predecessor-version":[{"id":964,"href":"https:\/\/www.merionline.com.br\/noticias\/wp-json\/wp\/v2\/posts\/962\/revisions\/964"}],"wp:featuredmedia":[{"embeddable":true,"href":"https:\/\/www.merionline.com.br\/noticias\/wp-json\/wp\/v2\/media\/963"}],"wp:attachment":[{"href":"https:\/\/www.merionline.com.br\/noticias\/wp-json\/wp\/v2\/media?parent=962"}],"wp:term":[{"taxonomy":"category","embeddable":true,"href":"https:\/\/www.merionline.com.br\/noticias\/wp-json\/wp\/v2\/categories?post=962"},{"taxonomy":"post_tag","embeddable":true,"href":"https:\/\/www.merionline.com.br\/noticias\/wp-json\/wp\/v2\/tags?post=962"}],"curies":[{"name":"wp","href":"https:\/\/api.w.org\/{rel}","templated":true}]}}