{"id":965,"date":"2020-03-22T15:00:12","date_gmt":"2020-03-22T18:00:12","guid":{"rendered":"http:\/\/www.merionline.com.br\/noticias\/?p=965"},"modified":"2020-03-22T15:00:12","modified_gmt":"2020-03-22T18:00:12","slug":"ministro-defende-adiar-eleicoes-e-antecipar-formatura-de-estudantes-de-medicina","status":"publish","type":"post","link":"https:\/\/www.merionline.com.br\/noticias\/ministro-defende-adiar-eleicoes-e-antecipar-formatura-de-estudantes-de-medicina\/","title":{"rendered":"Ministro defende adiar elei\u00e7\u00f5es e antecipar formatura de estudantes de medicina"},"content":{"rendered":"<div class=\"mc-column content-text active-extra-styles \" data-block-type=\"unstyled\" data-block-weight=\"38\" data-block-id=\"2\">\n<p class=\"content-text__container \" data-track-category=\"Link no Texto\" data-track-links=\"\">O ministro da Sa\u00fade, Luiz Henrique Mandetta, defendeu neste domingo (22) que as elei\u00e7\u00f5es municipais deste ano sejam adiadas para que a\u00e7\u00f5es &#8220;pol\u00edticas&#8221; n\u00e3o prejudiquem as medidas que est\u00e3o sendo adotadas para o enfrentamento da\u00a0epidemia de coronav\u00edrus.<\/p>\n<p data-track-category=\"Link no Texto\" data-track-links=\"\">\n<\/div>\n<div class=\"wall protected-content\">\n<div class=\"mc-column content-text active-extra-styles \" data-block-type=\"unstyled\" data-block-weight=\"35\" data-block-id=\"3\">\n<p class=\"content-text__container \" data-track-category=\"Link no Texto\" data-track-links=\"\">Em teleconfer\u00eancia com prefeitos de capitais, ele tamb\u00e9m informou que est\u00e1 sendo estudada a possibilidade de antecipar a formatura de estudantes de medicina para permitir que eles ajudem no tratamento aos doentes durante a crise.<\/p>\n<p data-track-category=\"Link no Texto\" data-track-links=\"\">\n<\/div>\n<div class=\"mc-column content-text active-extra-styles \" data-block-type=\"unstyled\" data-block-weight=\"43\" data-block-id=\"4\">\n<p class=\"content-text__container \" data-track-category=\"Link no Texto\" data-track-links=\"\">&#8220;Eu fa\u00e7o at\u00e9 uma sugest\u00e3o para voc\u00ea discutirem. Est\u00e1 na hora de olhar e falar assim: &#8216;\u00f3, adia, faz um mandato tamp\u00e3o desses vereadores, desses prefeitos&#8217;. Elei\u00e7\u00e3o no meio do ano \u00e9 uma trag\u00e9dia, vai todo mundo querer fazer a\u00e7\u00e3o pol\u00edtica&#8221;, disse Mandetta.<\/p>\n<p data-track-category=\"Link no Texto\" data-track-links=\"\">\n<\/div>\n<div class=\"mc-column content-text active-extra-styles \" data-block-type=\"unstyled\" data-block-weight=\"31\" data-block-id=\"5\">\n<p class=\"content-text__container \" data-track-category=\"Link no Texto\" data-track-links=\"\">O ministro deu a declara\u00e7\u00e3o em meio a conversa com o prefeito de Bel\u00e9m (PA), Zenaldo Coutinho, que reclamou da dificuldade de contato com a secretaria estadual de Sa\u00fade do Par\u00e1.<\/p>\n<\/div>\n<div class=\"mc-column content-text active-extra-styles\" data-block-type=\"raw\" data-block-weight=\"3\" data-block-id=\"6\">\n<div class=\"content-intertitle\">\n<h2>Alunos de medicina<\/h2>\n<\/div>\n<\/div>\n<div class=\"mc-column content-text active-extra-styles \" data-block-type=\"unstyled\" data-block-weight=\"35\" data-block-id=\"7\">\n<p class=\"content-text__container \" data-track-category=\"Link no Texto\" data-track-links=\"\">Aos prefeitos que participaram da teleconfer\u00eancia, Mandetta disse que o governo vai antecipar a formatura dos alunos de medicina que estejam no sexto ano e que &#8220;falta um m\u00eas, dois meses para se formar.&#8221;<\/p>\n<\/div>\n<div class=\"mc-column content-text active-extra-styles \" data-block-type=\"unstyled\" data-block-weight=\"52\" data-block-id=\"8\">\n<p class=\"content-text__container \" data-track-category=\"Link no Texto\" data-track-links=\"\">&#8220;Vamos acelerar, esses meninos s\u00e3o jovens. Eles n\u00e3o t\u00eam experi\u00eancia mas eles podem fazer uma parte do atendimento. Eles t\u00eam 7.300 horas de capacita\u00e7\u00e3o. Fa\u00e7a uma imers\u00e3o para eles, n\u00e3o para coloca-los no CTI, mas ele pode muito bem ajudar e trabalhar muito com aquela massa que est\u00e1 atr\u00e1s&#8221;, disse o ministro.<\/p>\n<\/div>\n<div class=\"content-ads content-ads--reveal\" data-block-type=\"ads\" data-block-id=\"9\">\n<div id=\"banner_materia2\" class=\"tag-manager-publicidade-container mc-has-reveal mc-has-ad-lazyload tag-manager-publicidade-banner_materia2 tag-manager-publicidade-container--carregado tag-manager-publicidade-container--visivel\" data-id=\"banner_materia2\" data-google-query-id=\"CKqO6afUrugCFVIFuQYdja0AnQ\" data-cid=\"null\" data-lid=\"null\">\n<div id=\"google_ads_iframe_\/95377733\/tvg_G1\/Bem_Estar_2__container__\"><\/div>\n<\/div>\n<\/div>\n<div class=\"mc-column content-text active-extra-styles \" data-block-type=\"unstyled\" data-block-weight=\"22\" data-block-id=\"10\">\n<p class=\"content-text__container \" data-track-category=\"Link no Texto\" data-track-links=\"\">A assessoria do Minist\u00e9rio da Sa\u00fade informou mais tarde neste domingo que a medida est\u00e1 sendo discutida com o Minist\u00e9rio da Educa\u00e7\u00e3o.<\/p>\n<div class=\"mc-column content-text active-extra-styles \" data-block-type=\"unstyled\" data-block-weight=\"35\" data-block-id=\"14\">\n<p class=\"content-text__container \" data-track-category=\"Link no Texto\" data-track-links=\"\">A permiss\u00e3o ser\u00e1 tempor\u00e1ria, enquanto durar a emerg\u00eancia em sa\u00fade p\u00fablica, e \u00e9 v\u00e1lida para estudantes dos dois \u00faltimos anos do curso de medicina e do \u00faltimo ano dos cursos de enfermagem, farm\u00e1cia e fisioterapia.<\/p>\n<\/div>\n<div class=\"mc-column content-text active-extra-styles\" data-block-type=\"raw\" data-block-weight=\"1\" data-block-id=\"15\">\n<div class=\"content-intertitle\">\n<h2>Respirador<\/h2>\n<\/div>\n<\/div>\n<div class=\"mc-column content-text active-extra-styles \" data-block-type=\"unstyled\" data-block-weight=\"39\" data-block-id=\"16\">\n<p class=\"content-text__container \" data-track-category=\"Link no Texto\" data-track-links=\"\">Mandetta disse ainda que o governo federal est\u00e1 projetando, junto com uma universidade e empresas, a produ\u00e7\u00e3o de um respirador b\u00e1sico para ser distribu\u00eddo no pa\u00eds e que vai auxiliar no tratamento de doentes infectados pelo novo coronav\u00edrus.<\/p>\n<p data-track-category=\"Link no Texto\" data-track-links=\"\">\n<\/div>\n<div class=\"mc-column content-text active-extra-styles \" data-block-type=\"unstyled\" data-block-weight=\"34\" data-block-id=\"17\">\n<p class=\"content-text__container \" data-track-category=\"Link no Texto\" data-track-links=\"\">Na conversa, ele afirmou que, devido \u00e0 alta da demanda provocada pela epidemia, o Brasil, assim como outros pa\u00edses, enfrenta dificuldades para comprar esses respiradores, que s\u00e3o usados principalmente em pacientes internados em UTIs.<\/p>\n<\/div>\n<div class=\"content-ads content-ads--reveal\" data-block-type=\"ads\" data-block-id=\"18\"><\/div>\n<div class=\"mc-column content-text active-extra-styles \" data-block-type=\"unstyled\" data-block-weight=\"34\" data-block-id=\"19\">\n<p class=\"content-text__container \" data-track-category=\"Link no Texto\" data-track-links=\"\">&#8220;Voc\u00ea sonha com uma Ferrari, mas n\u00f3s estamos desenhando com a Coppe-Rio, com algumas unidades do Brasil de produ\u00e7\u00e3o, um respirador, um fusquinha, para que a gente possa ter com muita capilaridade&#8221;, disse Mandetta.<\/p>\n<p data-track-category=\"Link no Texto\" data-track-links=\"\">\n<\/div>\n<div class=\"mc-column content-text active-extra-styles \" data-block-type=\"unstyled\" data-block-weight=\"21\" data-block-id=\"20\">\n<p class=\"content-text__container \" data-track-category=\"Link no Texto\" data-track-links=\"\">Coppe \u00e9 o Instituto Alberto Luiz Coimbra de P\u00f3s-Gradua\u00e7\u00e3o e Pesquisa de Engenharia, da Universidade Federal do Rio de Janeiro (UFRJ).<\/p>\n<p data-track-category=\"Link no Texto\" data-track-links=\"\">\n<\/div>\n<div class=\"mc-column content-text active-extra-styles \" data-block-type=\"unstyled\" data-block-weight=\"38\" data-block-id=\"21\">\n<p class=\"content-text__container \" data-track-category=\"Link no Texto\" data-track-links=\"\">Mandetta disse que o pa\u00eds tem duas empresas que produzem esse tipo de respirador, que as duas est\u00e3o produzindo na capacidade m\u00e1xima e que o governo brasileiro barrou as exporta\u00e7\u00f5es desses equipamentos para que atendam \u00e0 demanda interna.<\/p>\n<p data-track-category=\"Link no Texto\" data-track-links=\"\">\n<\/div>\n<div class=\"mc-column content-text active-extra-styles \" data-block-type=\"unstyled\" data-block-weight=\"31\" data-block-id=\"22\">\n<p class=\"content-text__container \" data-track-category=\"Link no Texto\" data-track-links=\"\">Ele afirmou ainda que o presidente Jair Bolsonaro est\u00e1 fazendo um &#8220;chamamento&#8221; para que empresas que tenham &#8220;similaridade&#8221; possam ajudar na produ\u00e7\u00e3o de pe\u00e7as e no aumento da fabrica\u00e7\u00e3o de respiradores.<\/p>\n<p data-track-category=\"Link no Texto\" data-track-links=\"\">\n<\/div>\n<div class=\"mc-column content-text active-extra-styles \" data-block-type=\"unstyled\" data-block-weight=\"21\" data-block-id=\"23\">\n<p class=\"content-text__container \" data-track-category=\"Link no Texto\" data-track-links=\"\">Mandetta tamb\u00e9m afirmou que vai avaliar a possibilidade de renovar automaticamente o contrato de m\u00e9dicos que atuam no programa Mais M\u00e9dicos.<\/p>\n<\/div>\n<div data-track-category=\"multicontent\" data-track-action=\"ultimo chunk conteudo\" data-track-noninteraction=\"false\" data-track-scroll=\"view\">\n<div class=\"mc-column content-entenda-o-caso\" data-block-type=\"entenda-o-caso\" data-block-id=\"24\"><\/div>\n<\/div>\n<\/div>\n<\/div>\n","protected":false},"excerpt":{"rendered":"<p>O ministro da Sa\u00fade, Luiz Henrique Mandetta, defendeu neste domingo (22) que as elei\u00e7\u00f5es municipais deste ano sejam adiadas para que a\u00e7\u00f5es &#8220;pol\u00edticas&#8221; n\u00e3o prejudiquem as medidas que est\u00e3o sendo adotadas para o enfrentamento da\u00a0epidemia de coronav\u00edrus. Em teleconfer\u00eancia com prefeitos de capitais, ele tamb\u00e9m informou que est\u00e1 sendo estudada a possibilidade de antecipar a [&hellip;]<\/p>\n","protected":false},"author":1,"featured_media":966,"comment_status":"open","ping_status":"open","sticky":false,"template":"","format":"standard","meta":{"footnotes":""},"categories":[4],"tags":[],"_links":{"self":[{"href":"https:\/\/www.merionline.com.br\/noticias\/wp-json\/wp\/v2\/posts\/965"}],"collection":[{"href":"https:\/\/www.merionline.com.br\/noticias\/wp-json\/wp\/v2\/posts"}],"about":[{"href":"https:\/\/www.merionline.com.br\/noticias\/wp-json\/wp\/v2\/types\/post"}],"author":[{"embeddable":true,"href":"https:\/\/www.merionline.com.br\/noticias\/wp-json\/wp\/v2\/users\/1"}],"replies":[{"embeddable":true,"href":"https:\/\/www.merionline.com.br\/noticias\/wp-json\/wp\/v2\/comments?post=965"}],"version-history":[{"count":1,"href":"https:\/\/www.merionline.com.br\/noticias\/wp-json\/wp\/v2\/posts\/965\/revisions"}],"predecessor-version":[{"id":967,"href":"https:\/\/www.merionline.com.br\/noticias\/wp-json\/wp\/v2\/posts\/965\/revisions\/967"}],"wp:featuredmedia":[{"embeddable":true,"href":"https:\/\/www.merionline.com.br\/noticias\/wp-json\/wp\/v2\/media\/966"}],"wp:attachment":[{"href":"https:\/\/www.merionline.com.br\/noticias\/wp-json\/wp\/v2\/media?parent=965"}],"wp:term":[{"taxonomy":"category","embeddable":true,"href":"https:\/\/www.merionline.com.br\/noticias\/wp-json\/wp\/v2\/categories?post=965"},{"taxonomy":"post_tag","embeddable":true,"href":"https:\/\/www.merionline.com.br\/noticias\/wp-json\/wp\/v2\/tags?post=965"}],"curies":[{"name":"wp","href":"https:\/\/api.w.org\/{rel}","templated":true}]}}