{"id":969,"date":"2020-03-24T20:03:06","date_gmt":"2020-03-24T23:03:06","guid":{"rendered":"http:\/\/www.merionline.com.br\/noticias\/?p=969"},"modified":"2020-03-24T20:03:06","modified_gmt":"2020-03-24T23:03:06","slug":"aneel-suspende-cortes-no-fornecimento-de-energia-eletrica-motivados-por-falta-de-pagamento","status":"publish","type":"post","link":"https:\/\/www.merionline.com.br\/noticias\/aneel-suspende-cortes-no-fornecimento-de-energia-eletrica-motivados-por-falta-de-pagamento\/","title":{"rendered":"Aneel suspende cortes no fornecimento de energia el\u00e9trica motivados por falta de pagamento"},"content":{"rendered":"<article>\n<div class=\"mc-column content-text active-extra-styles active-capital-letter\" data-block-type=\"unstyled\" data-block-weight=\"26\" data-block-id=\"1\">\n<p class=\"content-text__container theme-color-primary-first-letter\" data-track-category=\"Link no Texto\" data-track-links=\"\">A Ag\u00eancia Nacional de Energia El\u00e9trica (<a href=\"https:\/\/g1.globo.com\/tudo-sobre\/aneel\/\">Aneel<\/a>) decidiu nesta ter\u00e7a-feira (24) suspender os cortes no fornecimento de energia el\u00e9trica motivados por falta de pagamento dos consumidores.<\/p>\n<p data-track-category=\"Link no Texto\" data-track-links=\"\">\n<\/div>\n<div class=\"wall protected-content\">\n<div class=\"mc-column content-text active-extra-styles \" data-block-type=\"unstyled\" data-block-weight=\"24\" data-block-id=\"2\">\n<p class=\"content-text__container \" data-track-category=\"Link no Texto\" data-track-links=\"\">A medida vale por 90 dias, pode ser alterada e foi adotada em raz\u00e3o da crise na economia provocada pela pandemia do novo coronav\u00edrus.<\/p>\n<p data-track-category=\"Link no Texto\" data-track-links=\"\">\n<\/div>\n<div class=\"mc-column content-text active-extra-styles \" data-block-type=\"unstyled\" data-block-weight=\"20\" data-block-id=\"3\">\n<p class=\"content-text__container \" data-track-category=\"Link no Texto\" data-track-links=\"\">Pela decis\u00e3o, a suspens\u00e3o vale para todas as resid\u00eancias urbanas e rurais e para os servi\u00e7os considerados essenciais, como hospitais.<\/p>\n<p data-track-category=\"Link no Texto\" data-track-links=\"\">\n<\/div>\n<div class=\"mc-column content-text active-extra-styles \" data-block-type=\"unstyled\" data-block-weight=\"21\" data-block-id=\"4\">\n<p class=\"content-text__container \" data-track-category=\"Link no Texto\" data-track-links=\"\">A medida j\u00e1 vinha sendo defendida por entidades de prote\u00e7\u00e3o dos direitos dos consumidores como uma forma de ajudar as fam\u00edlias.<\/p>\n<p data-track-category=\"Link no Texto\" data-track-links=\"\">\n<\/div>\n<div class=\"mc-column content-text active-extra-styles \" data-block-type=\"unstyled\" data-block-weight=\"36\" data-block-id=\"5\">\n<p class=\"content-text__container \" data-track-category=\"Link no Texto\" data-track-links=\"\">O relator do processo, o diretor Sandoval Feitosa, destacou que a medida n\u00e3o isenta os consumidores do pagamento, mas serve para garantir a continuidade do fornecimento para quem n\u00e3o tiver condi\u00e7\u00e3o manter as faturas em dia.<\/p>\n<p data-track-category=\"Link no Texto\" data-track-links=\"\">\n<\/div>\n<div class=\"mc-column content-text active-extra-styles \" data-block-type=\"unstyled\" data-block-weight=\"31\" data-block-id=\"6\">\n<p class=\"content-text__container \" data-track-category=\"Link no Texto\" data-track-links=\"\">\u201cRogo a todos brasileiros que possam pagar no prazo a suas faturas que o fa\u00e7am. Isso permitir\u00e1 que possamos abra\u00e7ar as pessoas que n\u00e3o possam pagar as contas de energia\u201d, afirmou.<\/p>\n<p data-track-category=\"Link no Texto\" data-track-links=\"\">\n<\/div>\n<div class=\"mc-column content-text active-extra-styles \" data-block-type=\"unstyled\" data-block-weight=\"28\" data-block-id=\"7\">\n<p class=\"content-text__container \" data-track-category=\"Link no Texto\" data-track-links=\"\">No voto, Feitosa afirmou ainda que o fornecimento de energia el\u00e9trica \u00e9 essencial para manter os brasileiros em suas casas. O processo foi votado em reuni\u00e3o extraordin\u00e1ria.<\/p>\n<\/div>\n<div class=\"mc-column content-text active-extra-styles \" data-block-type=\"unstyled\" data-block-weight=\"11\" data-block-id=\"8\">\n<p class=\"content-text__container \" data-track-category=\"Link no Texto\" data-track-links=\"\">A resolu\u00e7\u00e3o da Aneel tamb\u00e9m prev\u00ea outras medidas, entre as quais:<\/p>\n<\/div>\n<div class=\"mc-column content-text active-extra-styles\" data-block-type=\"raw\" data-block-weight=\"54\" data-block-id=\"9\">\n<ul class=\"content-unordered-list\">\n<li>suspens\u00e3o da entrega mensal da fatura impressa;<\/li>\n<li>entrega pessoal de faturas;<\/li>\n<li>suspens\u00e3o do descadastramento de fam\u00edlias da tarifa social;<\/li>\n<li>suspens\u00e3o de atendimento presencial ao p\u00fablico;<\/li>\n<li>entrega pessoal de faturas;<\/li>\n<li>suspens\u00e3o do descadastramento de fam\u00edlias da tarifa social;<\/li>\n<li>elabora\u00e7\u00e3o de planos de conting\u00eancia espec\u00edficos para atender hospitais e locais usados para o tratamento da popula\u00e7\u00e3o.<\/li>\n<\/ul>\n<\/div>\n<div class=\"mc-column content-text active-extra-styles \" data-block-type=\"unstyled\" data-block-weight=\"25\" data-block-id=\"10\">\n<p class=\"content-text__container \" data-track-category=\"Link no Texto\" data-track-links=\"\">Segundo a Aneel, os consumidores residenciais respondem por quase 47,5% do faturamento das distribuidoras de energia e hoje o n\u00edvel de inadimpl\u00eancia \u00e9 de 5%.<\/p>\n<figure id=\"attachment_914\" aria-describedby=\"caption-attachment-914\" style=\"width: 474px\" class=\"wp-caption aligncenter\"><img loading=\"lazy\" decoding=\"async\" class=\"wp-image-914 size-full\" src=\"https:\/\/www.merionline.com.br\/noticias\/wp-content\/uploads\/2020\/03\/WhatsApp-Image-2020-03-17-at-18.39.59-3.jpeg\" alt=\"\" width=\"474\" height=\"381\" srcset=\"https:\/\/www.merionline.com.br\/noticias\/wp-content\/uploads\/2020\/03\/WhatsApp-Image-2020-03-17-at-18.39.59-3.jpeg 474w, https:\/\/www.merionline.com.br\/noticias\/wp-content\/uploads\/2020\/03\/WhatsApp-Image-2020-03-17-at-18.39.59-3-300x241.jpeg 300w\" sizes=\"(max-width: 474px) 100vw, 474px\" \/><figcaption id=\"caption-attachment-914\" class=\"wp-caption-text\">PUBLICIDADE &#8211; ANUNCIE AQUI<\/figcaption><\/figure>\n<\/div>\n<div class=\"mc-column content-text active-extra-styles \" data-block-type=\"unstyled\" data-block-weight=\"33\" data-block-id=\"11\">\n<p class=\"content-text__container \" data-track-category=\"Link no Texto\" data-track-links=\"\">&#8220;Caso as medidas de veda\u00e7\u00e3o \u00e0 suspens\u00e3o do fornecimento resultem em aumento da inadimpl\u00eancia, o \u00d3rg\u00e3o Regulador certamente ter\u00e1 que adotar medidas alternativas para garantia da sustentabilidade do setor el\u00e9trico&#8221;, informou a ag\u00eancia.<\/p>\n<\/div>\n<div class=\"content-ads content-ads--reveal\" data-block-type=\"ads\" data-block-id=\"12\"><\/div>\n<div data-track-category=\"multicontent\" data-track-action=\"ultimo chunk conteudo\" data-track-noninteraction=\"false\" data-track-scroll=\"view\">\n<div class=\"mc-column content-text active-extra-styles \" data-block-type=\"unstyled\" data-block-weight=\"35\" data-block-id=\"13\">\n<p class=\"content-text__container \" data-track-category=\"Link no Texto\" data-track-links=\"\">Sobre a suspens\u00e3o do corte de inadimpl\u00eancia, Feitosa afirmou ainda que a decis\u00e3o tamb\u00e9m d\u00e1 uniformidade ao tratamento dado \u00e0s distribuidoras j\u00e1 que alguns estados e munic\u00edpios t\u00eam publicado decretos proibindo o corte no fornecimento.<\/p>\n<\/div>\n<\/div>\n<\/div>\n<\/article>\n<div class=\"mc-column entities\"><\/div>\n","protected":false},"excerpt":{"rendered":"<p>A Ag\u00eancia Nacional de Energia El\u00e9trica (Aneel) decidiu nesta ter\u00e7a-feira (24) suspender os cortes no fornecimento de energia el\u00e9trica motivados por falta de pagamento dos consumidores. A medida vale por 90 dias, pode ser alterada e foi adotada em raz\u00e3o da crise na economia provocada pela pandemia do novo coronav\u00edrus. Pela decis\u00e3o, a suspens\u00e3o vale [&hellip;]<\/p>\n","protected":false},"author":1,"featured_media":970,"comment_status":"open","ping_status":"open","sticky":false,"template":"","format":"standard","meta":{"footnotes":""},"categories":[4,6],"tags":[],"_links":{"self":[{"href":"https:\/\/www.merionline.com.br\/noticias\/wp-json\/wp\/v2\/posts\/969"}],"collection":[{"href":"https:\/\/www.merionline.com.br\/noticias\/wp-json\/wp\/v2\/posts"}],"about":[{"href":"https:\/\/www.merionline.com.br\/noticias\/wp-json\/wp\/v2\/types\/post"}],"author":[{"embeddable":true,"href":"https:\/\/www.merionline.com.br\/noticias\/wp-json\/wp\/v2\/users\/1"}],"replies":[{"embeddable":true,"href":"https:\/\/www.merionline.com.br\/noticias\/wp-json\/wp\/v2\/comments?post=969"}],"version-history":[{"count":1,"href":"https:\/\/www.merionline.com.br\/noticias\/wp-json\/wp\/v2\/posts\/969\/revisions"}],"predecessor-version":[{"id":971,"href":"https:\/\/www.merionline.com.br\/noticias\/wp-json\/wp\/v2\/posts\/969\/revisions\/971"}],"wp:featuredmedia":[{"embeddable":true,"href":"https:\/\/www.merionline.com.br\/noticias\/wp-json\/wp\/v2\/media\/970"}],"wp:attachment":[{"href":"https:\/\/www.merionline.com.br\/noticias\/wp-json\/wp\/v2\/media?parent=969"}],"wp:term":[{"taxonomy":"category","embeddable":true,"href":"https:\/\/www.merionline.com.br\/noticias\/wp-json\/wp\/v2\/categories?post=969"},{"taxonomy":"post_tag","embeddable":true,"href":"https:\/\/www.merionline.com.br\/noticias\/wp-json\/wp\/v2\/tags?post=969"}],"curies":[{"name":"wp","href":"https:\/\/api.w.org\/{rel}","templated":true}]}}