{"id":973,"date":"2020-03-26T17:20:14","date_gmt":"2020-03-26T20:20:14","guid":{"rendered":"http:\/\/www.merionline.com.br\/noticias\/?p=973"},"modified":"2020-03-26T18:07:58","modified_gmt":"2020-03-26T21:07:58","slug":"nivel-critico-no-distrito-industrial-de-meridiano-demissoes-poderao-ocorrer-em-uma-semana","status":"publish","type":"post","link":"https:\/\/www.merionline.com.br\/noticias\/nivel-critico-no-distrito-industrial-de-meridiano-demissoes-poderao-ocorrer-em-uma-semana\/","title":{"rendered":"N\u00edvel Cr\u00edtico no Distrito Industrial de Meridiano, Demiss\u00f5es poder\u00e3o ocorrer em uma semana"},"content":{"rendered":"<p>A maioria das empresas do Distrito Industrial da cidade de Meridiano, est\u00e3o passando por uma fase extremamente delicada e complicada. Os maiores consumidores destas f\u00e1bricas, s\u00e3o os lojistas que compram e vendem em suas lojas pelo Brasil todo. O governo baixou decretos para o com\u00e9rcio n\u00e3o &#8220;abrir&#8221; devido a contamina\u00e7\u00e3o do Coronavirus e evitar aglomera\u00e7\u00f5es, desta forma as f\u00e1bricas n\u00e3o tem como produzir e acaba tendo que demitir.<\/p>\n<p>As f\u00e1bricas n\u00e3o est\u00e3o recebendo mais pedidos, os pedidos que tinham foram cancelados pelos lojistas. <span style=\"color: #999999;\">(continua depois da publicidade)<\/span><\/p>\n<figure id=\"attachment_914\" aria-describedby=\"caption-attachment-914\" style=\"width: 474px\" class=\"wp-caption aligncenter\"><img loading=\"lazy\" decoding=\"async\" class=\"size-full wp-image-914\" src=\"https:\/\/www.merionline.com.br\/noticias\/wp-content\/uploads\/2020\/03\/WhatsApp-Image-2020-03-17-at-18.39.59-3.jpeg\" alt=\"\" width=\"474\" height=\"381\" srcset=\"https:\/\/www.merionline.com.br\/noticias\/wp-content\/uploads\/2020\/03\/WhatsApp-Image-2020-03-17-at-18.39.59-3.jpeg 474w, https:\/\/www.merionline.com.br\/noticias\/wp-content\/uploads\/2020\/03\/WhatsApp-Image-2020-03-17-at-18.39.59-3-300x241.jpeg 300w\" sizes=\"(max-width: 474px) 100vw, 474px\" \/><figcaption id=\"caption-attachment-914\" class=\"wp-caption-text\">PUBLICIDADE &#8211; ANUNCIE AQUI<\/figcaption><\/figure>\n<p>Conversamos com os respons\u00e1veis pelas maiores f\u00e1bricas da cidade, a situa\u00e7\u00e3o \u00e9 &#8220;desanimadora&#8221;, uma destas f\u00e1bricas j\u00e1 est\u00e1 parada e deu f\u00e9rias para alguns e demitiu outros.<\/p>\n<p>Por telefone, os empres\u00e1rios disseram; -&#8220;<em>N\u00e3o vamos aguentar mais do que uma semana se novas medidas pelo governo n\u00e3o forem adotadas para abertura do com\u00e9rcio&#8221;.<\/em><\/p>\n<p>As opini\u00f5es destes empres\u00e1rios foram un\u00e2nimes, a maioria acha que o governo poderia estudar uma forma menos impactante evitando assim o fechamento de empresas e as demiss\u00f5es.<\/p>\n<p><strong>Em resumo<\/strong><\/p>\n<p>Segundo alguns empres\u00e1rios, se continuar desta maneira, em poucos dias v\u00e3o ter que fechar e dar f\u00e9rias para alguns e demiss\u00f5es para outros.<\/p>\n<p>&nbsp;<\/p>\n","protected":false},"excerpt":{"rendered":"<p>A maioria das empresas do Distrito Industrial da cidade de Meridiano, est\u00e3o passando por uma fase extremamente delicada e complicada. Os maiores consumidores destas f\u00e1bricas, s\u00e3o os lojistas que compram e vendem em suas lojas pelo Brasil todo. O governo baixou decretos para o com\u00e9rcio n\u00e3o &#8220;abrir&#8221; devido a contamina\u00e7\u00e3o do Coronavirus e evitar aglomera\u00e7\u00f5es, [&hellip;]<\/p>\n","protected":false},"author":1,"featured_media":980,"comment_status":"open","ping_status":"open","sticky":false,"template":"","format":"standard","meta":{"footnotes":""},"categories":[3,6],"tags":[],"_links":{"self":[{"href":"https:\/\/www.merionline.com.br\/noticias\/wp-json\/wp\/v2\/posts\/973"}],"collection":[{"href":"https:\/\/www.merionline.com.br\/noticias\/wp-json\/wp\/v2\/posts"}],"about":[{"href":"https:\/\/www.merionline.com.br\/noticias\/wp-json\/wp\/v2\/types\/post"}],"author":[{"embeddable":true,"href":"https:\/\/www.merionline.com.br\/noticias\/wp-json\/wp\/v2\/users\/1"}],"replies":[{"embeddable":true,"href":"https:\/\/www.merionline.com.br\/noticias\/wp-json\/wp\/v2\/comments?post=973"}],"version-history":[{"count":10,"href":"https:\/\/www.merionline.com.br\/noticias\/wp-json\/wp\/v2\/posts\/973\/revisions"}],"predecessor-version":[{"id":984,"href":"https:\/\/www.merionline.com.br\/noticias\/wp-json\/wp\/v2\/posts\/973\/revisions\/984"}],"wp:featuredmedia":[{"embeddable":true,"href":"https:\/\/www.merionline.com.br\/noticias\/wp-json\/wp\/v2\/media\/980"}],"wp:attachment":[{"href":"https:\/\/www.merionline.com.br\/noticias\/wp-json\/wp\/v2\/media?parent=973"}],"wp:term":[{"taxonomy":"category","embeddable":true,"href":"https:\/\/www.merionline.com.br\/noticias\/wp-json\/wp\/v2\/categories?post=973"},{"taxonomy":"post_tag","embeddable":true,"href":"https:\/\/www.merionline.com.br\/noticias\/wp-json\/wp\/v2\/tags?post=973"}],"curies":[{"name":"wp","href":"https:\/\/api.w.org\/{rel}","templated":true}]}}