{"id":990,"date":"2020-04-02T17:44:24","date_gmt":"2020-04-02T20:44:24","guid":{"rendered":"http:\/\/www.merionline.com.br\/noticias\/?p=990"},"modified":"2020-04-02T19:04:47","modified_gmt":"2020-04-02T22:04:47","slug":"meridiano-tem-o-primeiro-caso-suspeito-de-coronavirus","status":"publish","type":"post","link":"https:\/\/www.merionline.com.br\/noticias\/meridiano-tem-o-primeiro-caso-suspeito-de-coronavirus\/","title":{"rendered":"Meridiano tem o primeiro caso &#8220;Suspeito&#8221; de coronavirus"},"content":{"rendered":"<p>Meridiano tem o 1\u00ba caso &#8220;Suspeito&#8221; de Coronavirus ap\u00f3s semanas sem nenhum caso na cidade.<\/p>\n<p>O caso suspeito \u00e9 uma mulher, moradora da cidade e trabalha em Votuporanga. O secret\u00e1rio da sa\u00fade nos informou que toda fam\u00edlia ficar\u00e1 em quarentena at\u00e9 a chegada dos exames, que inclusive j\u00e1 est\u00e1 em andamento.<\/p>\n<p><span style=\"color: #999999;\"> (continua ap\u00f3s a publicidade)<\/span><\/p>\n<figure id=\"attachment_912\" aria-describedby=\"caption-attachment-912\" style=\"width: 474px\" class=\"wp-caption aligncenter\"><img loading=\"lazy\" decoding=\"async\" class=\"wp-image-912 size-full\" src=\"https:\/\/www.merionline.com.br\/noticias\/wp-content\/uploads\/2020\/03\/WhatsApp-Image-2020-03-17-at-18.39.59-2.jpeg\" alt=\"\" width=\"474\" height=\"381\" srcset=\"https:\/\/www.merionline.com.br\/noticias\/wp-content\/uploads\/2020\/03\/WhatsApp-Image-2020-03-17-at-18.39.59-2.jpeg 474w, https:\/\/www.merionline.com.br\/noticias\/wp-content\/uploads\/2020\/03\/WhatsApp-Image-2020-03-17-at-18.39.59-2-300x241.jpeg 300w\" sizes=\"(max-width: 474px) 100vw, 474px\" \/><figcaption id=\"caption-attachment-912\" class=\"wp-caption-text\">PUBLICIDADE &#8211; ANUNCIE AQUI<\/figcaption><\/figure>\n<p>A vigil\u00e2ncia de Votuporanga entrou em contato com a vigil\u00e2ncia de Meridiano informando o caso e imediatamente os setores respons\u00e1veis da sa\u00fade j\u00e1 se mobilizaram para as poss\u00edveis provid\u00eancias para tratar o caso.<\/p>\n<p>Mais informa\u00e7\u00f5es em breve !<\/p>\n<p>&nbsp;<\/p>\n","protected":false},"excerpt":{"rendered":"<p>Meridiano tem o 1\u00ba caso &#8220;Suspeito&#8221; de Coronavirus ap\u00f3s semanas sem nenhum caso na cidade. O caso suspeito \u00e9 uma mulher, moradora da cidade e trabalha em Votuporanga. O secret\u00e1rio da sa\u00fade nos informou que toda fam\u00edlia ficar\u00e1 em quarentena at\u00e9 a chegada dos exames, que inclusive j\u00e1 est\u00e1 em andamento. (continua ap\u00f3s a publicidade) [&hellip;]<\/p>\n","protected":false},"author":1,"featured_media":991,"comment_status":"open","ping_status":"open","sticky":false,"template":"","format":"standard","meta":{"footnotes":""},"categories":[3,6],"tags":[],"_links":{"self":[{"href":"https:\/\/www.merionline.com.br\/noticias\/wp-json\/wp\/v2\/posts\/990"}],"collection":[{"href":"https:\/\/www.merionline.com.br\/noticias\/wp-json\/wp\/v2\/posts"}],"about":[{"href":"https:\/\/www.merionline.com.br\/noticias\/wp-json\/wp\/v2\/types\/post"}],"author":[{"embeddable":true,"href":"https:\/\/www.merionline.com.br\/noticias\/wp-json\/wp\/v2\/users\/1"}],"replies":[{"embeddable":true,"href":"https:\/\/www.merionline.com.br\/noticias\/wp-json\/wp\/v2\/comments?post=990"}],"version-history":[{"count":6,"href":"https:\/\/www.merionline.com.br\/noticias\/wp-json\/wp\/v2\/posts\/990\/revisions"}],"predecessor-version":[{"id":997,"href":"https:\/\/www.merionline.com.br\/noticias\/wp-json\/wp\/v2\/posts\/990\/revisions\/997"}],"wp:featuredmedia":[{"embeddable":true,"href":"https:\/\/www.merionline.com.br\/noticias\/wp-json\/wp\/v2\/media\/991"}],"wp:attachment":[{"href":"https:\/\/www.merionline.com.br\/noticias\/wp-json\/wp\/v2\/media?parent=990"}],"wp:term":[{"taxonomy":"category","embeddable":true,"href":"https:\/\/www.merionline.com.br\/noticias\/wp-json\/wp\/v2\/categories?post=990"},{"taxonomy":"post_tag","embeddable":true,"href":"https:\/\/www.merionline.com.br\/noticias\/wp-json\/wp\/v2\/tags?post=990"}],"curies":[{"name":"wp","href":"https:\/\/api.w.org\/{rel}","templated":true}]}}