{"id":999,"date":"2020-04-04T18:46:08","date_gmt":"2020-04-04T21:46:08","guid":{"rendered":"http:\/\/www.merionline.com.br\/noticias\/?p=999"},"modified":"2020-04-04T19:01:24","modified_gmt":"2020-04-04T22:01:24","slug":"cidade-limpa-vereador-faz-reuniao-com-secretario-da-saude-sobre-surto-de-dengue","status":"publish","type":"post","link":"https:\/\/www.merionline.com.br\/noticias\/cidade-limpa-vereador-faz-reuniao-com-secretario-da-saude-sobre-surto-de-dengue\/","title":{"rendered":"Cidade Limpa: Vereador faz reuni\u00e3o com Secret\u00e1rio da Sa\u00fade sobre Surto de Dengue"},"content":{"rendered":"<p>Est\u00e1 semana, o vereador Carlinhos Savazzi, reuniu com o Secret\u00e1rio da Sa\u00fade, Alex Garcia e o vice prefeito Ant\u00f4nio C\u00e9lio, para falar do &#8220;surto&#8221; de dengue que est\u00e1 ocorrendo em Meridiano que j\u00e1 ultrapassou mais de 50 casos confirmados.<\/p>\n<p>Em reuni\u00e3o, o vereador solicitou a limpeza das &#8220;bocas de lobo&#8221;, conhecido como &#8220;Bueiros&#8221;, onde os mosquitos da dengue &#8220;Aedes Aegypit&#8221; costumam ficar. Carlinhos tamb\u00e9m pediu para o munic\u00edpio coletar entulhos para evitar o foco da dengue.<\/p>\n<h6><span style=\"color: #999999;\">(Mat\u00e9ria continua ap\u00f3s publicidade)<\/span><\/h6>\n<figure id=\"attachment_914\" aria-describedby=\"caption-attachment-914\" style=\"width: 474px\" class=\"wp-caption aligncenter\"><img loading=\"lazy\" decoding=\"async\" class=\"size-full wp-image-914\" src=\"https:\/\/www.merionline.com.br\/noticias\/wp-content\/uploads\/2020\/03\/WhatsApp-Image-2020-03-17-at-18.39.59-3.jpeg\" alt=\"\" width=\"474\" height=\"381\" srcset=\"https:\/\/www.merionline.com.br\/noticias\/wp-content\/uploads\/2020\/03\/WhatsApp-Image-2020-03-17-at-18.39.59-3.jpeg 474w, https:\/\/www.merionline.com.br\/noticias\/wp-content\/uploads\/2020\/03\/WhatsApp-Image-2020-03-17-at-18.39.59-3-300x241.jpeg 300w\" sizes=\"(max-width: 474px) 100vw, 474px\" \/><figcaption id=\"caption-attachment-914\" class=\"wp-caption-text\">PUBLICIDADE &#8211; ANUNCIE AQUI<\/figcaption><\/figure>\n<p><em><strong>Em resposta<\/strong><\/em><\/p>\n<p>O Prefeito Maicon, junto com o secret\u00e1rio da sa\u00fade, Alex Garcia, acatou o pedido do vereador e j\u00e1 na pr\u00f3xima semana, ser\u00e1 feito a &#8220;Dedetiza\u00e7\u00e3o&#8221; dos bueiros. Nos dias &#8220;13,14 e 15&#8221; deste m\u00eas o projeto &#8220;cidade limpa&#8221; entra em a\u00e7\u00e3o, os moradores poder\u00e3o retirar os entulhos de suas casas e de seus lotes para a prefeitura coletar nos dias &#8220;16 e 17&#8221;.<\/p>\n<p>Os entulhos dever\u00e3o ser colocados em frente da resid\u00eancia (rua). O intuito \u00e9 eliminar focos do mosquito da dengue, pernilongos e escorpi\u00f5es. A prefeitura pede encarecidamente que a popula\u00e7\u00e3o colabore na limpeza de seus quintais para &#8220;diminuir&#8221; os casos que vem crescendo em todo Pa\u00eds.<\/p>\n<figure id=\"attachment_951\" aria-describedby=\"caption-attachment-951\" style=\"width: 720px\" class=\"wp-caption aligncenter\"><img loading=\"lazy\" decoding=\"async\" class=\"size-full wp-image-951\" src=\"https:\/\/www.merionline.com.br\/noticias\/wp-content\/uploads\/2020\/03\/WhatsApp-Image-2020-03-19-at-14.42.09.jpeg\" alt=\"\" width=\"720\" height=\"720\" srcset=\"https:\/\/www.merionline.com.br\/noticias\/wp-content\/uploads\/2020\/03\/WhatsApp-Image-2020-03-19-at-14.42.09.jpeg 720w, https:\/\/www.merionline.com.br\/noticias\/wp-content\/uploads\/2020\/03\/WhatsApp-Image-2020-03-19-at-14.42.09-300x300.jpeg 300w, https:\/\/www.merionline.com.br\/noticias\/wp-content\/uploads\/2020\/03\/WhatsApp-Image-2020-03-19-at-14.42.09-150x150.jpeg 150w\" sizes=\"(max-width: 720px) 100vw, 720px\" \/><figcaption id=\"caption-attachment-951\" class=\"wp-caption-text\">PUBLICIDADE &#8211; ANUNCIE AQUI<\/figcaption><\/figure>\n","protected":false},"excerpt":{"rendered":"<p>Est\u00e1 semana, o vereador Carlinhos Savazzi, reuniu com o Secret\u00e1rio da Sa\u00fade, Alex Garcia e o vice prefeito Ant\u00f4nio C\u00e9lio, para falar do &#8220;surto&#8221; de dengue que est\u00e1 ocorrendo em Meridiano que j\u00e1 ultrapassou mais de 50 casos confirmados. Em reuni\u00e3o, o vereador solicitou a limpeza das &#8220;bocas de lobo&#8221;, conhecido como &#8220;Bueiros&#8221;, onde os [&hellip;]<\/p>\n","protected":false},"author":1,"featured_media":1000,"comment_status":"open","ping_status":"open","sticky":false,"template":"","format":"standard","meta":{"footnotes":""},"categories":[3,6],"tags":[],"_links":{"self":[{"href":"https:\/\/www.merionline.com.br\/noticias\/wp-json\/wp\/v2\/posts\/999"}],"collection":[{"href":"https:\/\/www.merionline.com.br\/noticias\/wp-json\/wp\/v2\/posts"}],"about":[{"href":"https:\/\/www.merionline.com.br\/noticias\/wp-json\/wp\/v2\/types\/post"}],"author":[{"embeddable":true,"href":"https:\/\/www.merionline.com.br\/noticias\/wp-json\/wp\/v2\/users\/1"}],"replies":[{"embeddable":true,"href":"https:\/\/www.merionline.com.br\/noticias\/wp-json\/wp\/v2\/comments?post=999"}],"version-history":[{"count":5,"href":"https:\/\/www.merionline.com.br\/noticias\/wp-json\/wp\/v2\/posts\/999\/revisions"}],"predecessor-version":[{"id":1005,"href":"https:\/\/www.merionline.com.br\/noticias\/wp-json\/wp\/v2\/posts\/999\/revisions\/1005"}],"wp:featuredmedia":[{"embeddable":true,"href":"https:\/\/www.merionline.com.br\/noticias\/wp-json\/wp\/v2\/media\/1000"}],"wp:attachment":[{"href":"https:\/\/www.merionline.com.br\/noticias\/wp-json\/wp\/v2\/media?parent=999"}],"wp:term":[{"taxonomy":"category","embeddable":true,"href":"https:\/\/www.merionline.com.br\/noticias\/wp-json\/wp\/v2\/categories?post=999"},{"taxonomy":"post_tag","embeddable":true,"href":"https:\/\/www.merionline.com.br\/noticias\/wp-json\/wp\/v2\/tags?post=999"}],"curies":[{"name":"wp","href":"https:\/\/api.w.org\/{rel}","templated":true}]}}